{"id":79541,"date":"2018-07-24T06:23:34","date_gmt":"2018-07-24T09:23:34","guid":{"rendered":"http:\/\/argentinamunicipal.com.ar\/argentina\/?p=79541"},"modified":"2018-07-23T18:26:08","modified_gmt":"2018-07-23T21:26:08","slug":"alarma-de-la-mayor-organizacion-sindical-del-mundo-por-los-despidos-en-telam","status":"publish","type":"post","link":"http:\/\/argentinamunicipal.com.ar\/argentina\/alarma-de-la-mayor-organizacion-sindical-del-mundo-por-los-despidos-en-telam\/","title":{"rendered":"Alarma de la mayor organizaci\u00f3n sindical del mundo por los despidos en T\u00e9lam"},"content":{"rendered":"<p>La Confederaci\u00f3n Sindical Internacional (CSI) le envi\u00f3 una carta al presidente Mauricio Macri donde recuerda el car\u00e1cter ilegal de la medida que dej\u00f3 en la calle a 357 trabajadores y le recuerda que de este modo \u201cvulneran los convenios internacionales de la OIT\u201d.<\/p>\n<p>Desde la\u00a0Confederaci\u00f3n Sindical Internacional (CSI), principal organizaci\u00f3n sindical del mundo, se mostraron alarmados por los\u00a0357 despidos en la agencia T\u00e9lam\u00a0al indicar que\u00a0\u201cvulneran los convenios internacionales de la OIT\u201d.<\/p>\n<p>La organizaci\u00f3n, que alcanza a 207 millones de trabajadores reclam\u00f3 la reincorporaci\u00f3n de los empelados a los que se dej\u00f3 en la calle e indicaron que\u201cresultan especialmente alarmantes las declaraciones efectuadas por autoridades del Sistema Federal de Medios P\u00fablicos y del nuevo Directorio de la Agencia, criticando expresamente el perfil ideol\u00f3gico y sindical del personal despedido\u201d.<\/p>\n<p>A trav\u00e9s de una carta que firma su secretaria general,\u00a0Sharan Burrow, la CSI manifest\u00f3 su \u201cprofunda preocupaci\u00f3n\u201d\u00a0 por \u201clos graves riesgos derivados del\u00a0virtual desmantelamiento de T\u00e9lam en t\u00e9rminos de vulneraci\u00f3n al derecho a la informaci\u00f3n de la poblaci\u00f3n argentina y a la pluralidad de voces en los medios de comunicaci\u00f3n\u201d.<\/p>\n<p>El texto, dirigido a Mauricio Macri, rese\u00f1a adem\u00e1s que existe un fallo de la justicia laboral que subraya que \u201clos despidos son ilegales\u201d.<\/p>\n<p>La CSI tiene presencia 163 pa\u00edses y territorios, en base a 331 organizaciones afiliadas, que agrupan a 207 millones de trabajadores. La Confederaci\u00f3n General de Trabajo (CGT) y las Centrales de Trabajadores Argentinos (CTA) pertenecen a dicha organizaci\u00f3n.<\/p>\n<h6>Fuente: Infonews<\/h6>\n","protected":false},"excerpt":{"rendered":"<p>La Confederaci\u00f3n Sindical Internacional (CSI) le envi\u00f3 una carta al presidente Mauricio Macri donde recuerda el car\u00e1cter ilegal de la medida que dej\u00f3 en la calle a 357 trabajadores y le recuerda que de este modo \u201cvulneran los convenios internacionales de la OIT\u201d.<\/p>\n","protected":false},"author":2,"featured_media":79542,"comment_status":"closed","ping_status":"closed","sticky":false,"template":"","format":"standard","meta":{"footnotes":""},"categories":[8],"tags":[21],"class_list":["post-79541","post","type-post","status-publish","format-standard","has-post-thumbnail","hentry","category-informe-nacional","tag-argentina"],"_links":{"self":[{"href":"http:\/\/argentinamunicipal.com.ar\/argentina\/wp-json\/wp\/v2\/posts\/79541","targetHints":{"allow":["GET"]}}],"collection":[{"href":"http:\/\/argentinamunicipal.com.ar\/argentina\/wp-json\/wp\/v2\/posts"}],"about":[{"href":"http:\/\/argentinamunicipal.com.ar\/argentina\/wp-json\/wp\/v2\/types\/post"}],"author":[{"embeddable":true,"href":"http:\/\/argentinamunicipal.com.ar\/argentina\/wp-json\/wp\/v2\/users\/2"}],"replies":[{"embeddable":true,"href":"http:\/\/argentinamunicipal.com.ar\/argentina\/wp-json\/wp\/v2\/comments?post=79541"}],"version-history":[{"count":0,"href":"http:\/\/argentinamunicipal.com.ar\/argentina\/wp-json\/wp\/v2\/posts\/79541\/revisions"}],"wp:featuredmedia":[{"embeddable":true,"href":"http:\/\/argentinamunicipal.com.ar\/argentina\/wp-json\/wp\/v2\/media\/79542"}],"wp:attachment":[{"href":"http:\/\/argentinamunicipal.com.ar\/argentina\/wp-json\/wp\/v2\/media?parent=79541"}],"wp:term":[{"taxonomy":"category","embeddable":true,"href":"http:\/\/argentinamunicipal.com.ar\/argentina\/wp-json\/wp\/v2\/categories?post=79541"},{"taxonomy":"post_tag","embeddable":true,"href":"http:\/\/argentinamunicipal.com.ar\/argentina\/wp-json\/wp\/v2\/tags?post=79541"}],"curies":[{"name":"wp","href":"https:\/\/api.w.org\/{rel}","templated":true}]}}