{"id":79569,"date":"2018-07-24T07:09:09","date_gmt":"2018-07-24T10:09:09","guid":{"rendered":"http:\/\/argentinamunicipal.com.ar\/argentina\/?p=79569"},"modified":"2018-07-24T07:09:09","modified_gmt":"2018-07-24T10:09:09","slug":"la-estructura-de-la-administracion-central-se-multiplico-desde-la-llegada-de-cambiemos","status":"publish","type":"post","link":"http:\/\/argentinamunicipal.com.ar\/argentina\/la-estructura-de-la-administracion-central-se-multiplico-desde-la-llegada-de-cambiemos\/","title":{"rendered":"La estructura de la Administraci\u00f3n Central se multiplic\u00f3 desde la llegada de Cambiemos"},"content":{"rendered":"<p>Denuncian el componente \u201caltamente pol\u00edtico\u201d del personal que fue incorporado en los \u00faltimos dos a\u00f1os y medio. En 2015 hab\u00eda 17 ministerios, ahora hay 21.<\/p>\n<p>La administraci\u00f3n de Mauricio Macri aument\u00f3 el tama\u00f1o de la estructura del Poder Ejecutivo y multiplic\u00f3 los nombramientos discrecionales de funcionarios, que ahora est\u00e1n menos capacitados para los cargos que ocupan, seg\u00fan lo revel\u00f3 el informe \u201cGPS del Estado\u201d, de la organizaci\u00f3n Cippec.<\/p>\n<p>\u201cEl Estado argentino est\u00e1 expandiendo sus fronteras de funcionamiento desde 2003. Con el gobierno de Cambiemos, el crecimiento de la estructura del sector p\u00fablico a nivel nacional se sostuvo\u201d, explic\u00f3 el reporte.<\/p>\n<p>Por un lado, la Argentina tiene uno de los gabinetes m\u00e1s grandes de Am\u00e9rica Latina, con 21 ministerios -en 2015 hab\u00eda 17 carteras-, por sobre Uruguay, M\u00e9xico, Colombia y Per\u00fa, entre otros pa\u00edses. El aumento de ministerios deriv\u00f3 en una expansi\u00f3n de la estructuras en los niveles de secretar\u00edas y Subsecretar\u00edas que \u201cprovocaron un incremento del orden del 25% en el universo de cargos pol\u00edticos entre 2015 y 2017\u201d, seg\u00fan se indic\u00f3.<\/p>\n<p>En 2015 hab\u00eda 65 secretarios de Estado y en marzo de 2018 la cantidad era de 113; las subsecretar\u00edas, en cambio, se redujeron de 165 a 131, mientras que los directores nacionales pasaron de 291 a 313.<\/p>\n<p>Seg\u00fan Cippec, durante la gesti\u00f3n de Macri, \u201clos avances en la gesti\u00f3n del rendimiento y desarrollo del empleo p\u00fablico han sido pocos\u201d.<\/p>\n<p>\u201cLas capacidades del personal organizacional y en particular de la Alta Direcci\u00f3n P\u00fablica son decisivos para superar los desaf\u00edos de coordinar una estructura estatal m\u00e1s grande, pero el panorama del espacio directivo trazado entre los a\u00f1os 2015 y 2017 muestra mayores continuidades que cambios\u201d, destacaron los especialistas.<\/p>\n<p>LA POL\u00cdTICA ANTES QUE LA CAPACIDAD<br \/>\nEn particular, se indic\u00f3 que \u201cla evidencia muestra que hay un deterioro en el espacio directivo\u201d. \u201cEn este sentido, la modalidad de ocupaci\u00f3n del espacio directivo es discrecional y tiene un componente altamente pol\u00edtico: en 2017 solo el 2% de los directivos p\u00fablicos se encontraban designados bajo la modalidad de planta permanente, mientras que en 2015 alcanzaba el 6%\u201d, subray\u00f3.<\/p>\n<p>Asimismo, se inform\u00f3 que \u201cel porcentaje de directivos p\u00fablicos que cumpl\u00eda con los requisitos exigidos por la norma para al acceso a cargos jer\u00e1rquicos se redujo de 32% a 18% entre 2015 y 2017\u201d.<\/p>\n<p>De igual modo, el informe \u201cGPS del Estado\u201d subray\u00f3 que \u201cen 2015 el 72% del total de personas que compon\u00edan la Alta Direcci\u00f3n P\u00fablica eran profesionales y en 2017 esta participaci\u00f3n cay\u00f3 al 66%\u201d.<\/p>\n<p>\u201cLa reducci\u00f3n en el n\u00famero de profesionales en el espacio directivo y el menor cumplimiento de requisitos da cuenta de que se acentuaron los criterios de confianza o gesti\u00f3n por competencias pol\u00edticas\u201d, se inform\u00f3. Adem\u00e1s, el informe revel\u00f3 que hay una \u201celevada rotaci\u00f3n de los directores\u201d que \u201cobstaculiza la efectividad gubernamental\u201d.<\/p>\n<p>\u201cEl 25% de los directivos p\u00fablicos que se encontraban designados en 2016 fueron reemplazados de sus cargos en 2017. M\u00e1s a\u00fan, a fines de 2017 solo el 9% del total de directivos p\u00fablicos continuaba en su cargo\u201d, se indic\u00f3.<\/p>\n<p>\u201cEsto afecta la capacidad que tiene el espacio directivo para actuar como la memoria institucional de la administraci\u00f3n y, al mismo tiempo, interrumpe el proceso de aprendizaje organizacional dentro de la \u00f3rbita estatal\u201d, agreg\u00f3.<\/p>\n<h6>Fuente: Norte<\/h6>\n","protected":false},"excerpt":{"rendered":"<p>Denuncian el componente \u201caltamente pol\u00edtico\u201d del personal que fue incorporado en los \u00faltimos dos a\u00f1os y medio. En 2015 hab\u00eda 17 ministerios, ahora hay 21.<\/p>\n","protected":false},"author":2,"featured_media":79570,"comment_status":"closed","ping_status":"closed","sticky":false,"template":"","format":"standard","meta":{"footnotes":""},"categories":[8],"tags":[21],"class_list":["post-79569","post","type-post","status-publish","format-standard","has-post-thumbnail","hentry","category-informe-nacional","tag-argentina"],"_links":{"self":[{"href":"http:\/\/argentinamunicipal.com.ar\/argentina\/wp-json\/wp\/v2\/posts\/79569","targetHints":{"allow":["GET"]}}],"collection":[{"href":"http:\/\/argentinamunicipal.com.ar\/argentina\/wp-json\/wp\/v2\/posts"}],"about":[{"href":"http:\/\/argentinamunicipal.com.ar\/argentina\/wp-json\/wp\/v2\/types\/post"}],"author":[{"embeddable":true,"href":"http:\/\/argentinamunicipal.com.ar\/argentina\/wp-json\/wp\/v2\/users\/2"}],"replies":[{"embeddable":true,"href":"http:\/\/argentinamunicipal.com.ar\/argentina\/wp-json\/wp\/v2\/comments?post=79569"}],"version-history":[{"count":0,"href":"http:\/\/argentinamunicipal.com.ar\/argentina\/wp-json\/wp\/v2\/posts\/79569\/revisions"}],"wp:featuredmedia":[{"embeddable":true,"href":"http:\/\/argentinamunicipal.com.ar\/argentina\/wp-json\/wp\/v2\/media\/79570"}],"wp:attachment":[{"href":"http:\/\/argentinamunicipal.com.ar\/argentina\/wp-json\/wp\/v2\/media?parent=79569"}],"wp:term":[{"taxonomy":"category","embeddable":true,"href":"http:\/\/argentinamunicipal.com.ar\/argentina\/wp-json\/wp\/v2\/categories?post=79569"},{"taxonomy":"post_tag","embeddable":true,"href":"http:\/\/argentinamunicipal.com.ar\/argentina\/wp-json\/wp\/v2\/tags?post=79569"}],"curies":[{"name":"wp","href":"https:\/\/api.w.org\/{rel}","templated":true}]}}