{"id":79617,"date":"2018-07-26T20:16:26","date_gmt":"2018-07-26T23:16:26","guid":{"rendered":"http:\/\/argentinamunicipal.com.ar\/argentina\/?p=79617"},"modified":"2018-07-26T20:16:26","modified_gmt":"2018-07-26T23:16:26","slug":"79617-2","status":"publish","type":"post","link":"http:\/\/argentinamunicipal.com.ar\/argentina\/79617-2\/","title":{"rendered":"\u00a1Nunca m\u00e1s!"},"content":{"rendered":"<p>Organismos de derechos humanos, junto a organizaciones sociales y pol\u00edticas se manifiestan frente al Ministerio de Defensa para rechazar la decisi\u00f3n de Mauricio Macri de reformular por decreto el rol de las Fuerzas Armadas.<\/p>\n<p>Bajo la consigna \u00abFuerzas Armadas\u00a0represivas \u00a1Nunca m\u00e1s!\u00bb, los organismos de derechos humanos, organizaciones sociales y pol\u00edticas se concentran frente al Ministerio de Defensa para repudiar el decreto del presidente Mauricio Macri, con el que le otorg\u00f3 a los militares\u00a0tareas de seguridad interior, en violaci\u00f3n a las leyes de Defensa y Seguridad Interior. En la previa del acto en Paseo Col\u00f3n y Alsina, los organismos se movilizaron junto a las Madres de Plaza de Mayo en la hist\u00f3rica ronda de los jueves.<\/p>\n<p>\u00abA nosotros, como familiares, esto nos hace repensar nuestras propias historias y tragedias. Y es volver a pensar en algo que pensamos que ya hab\u00edamos dejado atr\u00e1s en la Argentina\u00bb, lament\u00f3 el integrante de Hijos Capital\u00a0Carlos Pisoni y asegur\u00f3 que la \u00abdecisi\u00f3n viene a justificar esta pol\u00edtica econ\u00f3mica de la peor forma: con represi\u00f3n y milicos en las calles\u00bb.<\/p>\n<p>Por su parte, el legislador del Parlasur y ex canciller Jorge Taiana calific\u00f3 de \u00abdesprop\u00f3sito\u00bb la decisi\u00f3n de Cambiemos y asegur\u00f3 que modificar el rol de las fuerzas armadas para que se conviertan en auxiliar de las fuerzas de seguridad es\u00a0\u00a0\u00abun viejo objetivo\u00a0del Pent\u00e1gono y el Comando Sur de los Estados Unidos, que pretenden \u00abser ellos quienes ofrezcan\u00a0seguridad en la regi\u00f3n, para que los ej\u00e9rcitos locales se transformen en guardias nacionales encargadas de los delitos de trata, narcotr\u00e1fico y terrorismo\u00bb.<\/p>\n<p>\u00abHay fuerzas\u00a0para esas tareas, hay que mejorarlas para hacerlas efectivas en su luchar, pero no tiene sentido transformar al Ej\u00e9rcito en auxiliar de esas fuerzas. La soberan\u00eda es algo que se defiende\u00bb, advirti\u00f3 Taiana y respald\u00f3 la iniciativa presentada en el Congreso por el Frente para la Victoria, Libres del Sur y el Movimiento Evita, que busca anular el decreto presidencial.<\/p>\n<p>Por su parte, el titular de la CTA Hugo Yasky record\u00f3 las experiencias fallidas de la injerencia del Ej\u00e9rcito en materia de narcotr\u00e1fico en Colombia y M\u00e9xico y resalt\u00f3 que el argumento del narcotr\u00e1fico es \u00abmentira\u00bb en el contexto argentino.<\/p>\n<h6>Fuente: P\u00e1gina 12<\/h6>\n","protected":false},"excerpt":{"rendered":"<p>Organismos de derechos humanos, junto a organizaciones sociales y pol\u00edticas se manifiestan frente al Ministerio de Defensa para rechazar la decisi\u00f3n de Mauricio Macri de reformular por decreto el rol de las Fuerzas Armadas.<\/p>\n","protected":false},"author":2,"featured_media":79618,"comment_status":"closed","ping_status":"closed","sticky":false,"template":"","format":"standard","meta":{"footnotes":""},"categories":[8],"tags":[21],"class_list":["post-79617","post","type-post","status-publish","format-standard","has-post-thumbnail","hentry","category-informe-nacional","tag-argentina"],"_links":{"self":[{"href":"http:\/\/argentinamunicipal.com.ar\/argentina\/wp-json\/wp\/v2\/posts\/79617","targetHints":{"allow":["GET"]}}],"collection":[{"href":"http:\/\/argentinamunicipal.com.ar\/argentina\/wp-json\/wp\/v2\/posts"}],"about":[{"href":"http:\/\/argentinamunicipal.com.ar\/argentina\/wp-json\/wp\/v2\/types\/post"}],"author":[{"embeddable":true,"href":"http:\/\/argentinamunicipal.com.ar\/argentina\/wp-json\/wp\/v2\/users\/2"}],"replies":[{"embeddable":true,"href":"http:\/\/argentinamunicipal.com.ar\/argentina\/wp-json\/wp\/v2\/comments?post=79617"}],"version-history":[{"count":0,"href":"http:\/\/argentinamunicipal.com.ar\/argentina\/wp-json\/wp\/v2\/posts\/79617\/revisions"}],"wp:featuredmedia":[{"embeddable":true,"href":"http:\/\/argentinamunicipal.com.ar\/argentina\/wp-json\/wp\/v2\/media\/79618"}],"wp:attachment":[{"href":"http:\/\/argentinamunicipal.com.ar\/argentina\/wp-json\/wp\/v2\/media?parent=79617"}],"wp:term":[{"taxonomy":"category","embeddable":true,"href":"http:\/\/argentinamunicipal.com.ar\/argentina\/wp-json\/wp\/v2\/categories?post=79617"},{"taxonomy":"post_tag","embeddable":true,"href":"http:\/\/argentinamunicipal.com.ar\/argentina\/wp-json\/wp\/v2\/tags?post=79617"}],"curies":[{"name":"wp","href":"https:\/\/api.w.org\/{rel}","templated":true}]}}