{"id":79620,"date":"2018-07-26T20:18:34","date_gmt":"2018-07-26T23:18:34","guid":{"rendered":"http:\/\/argentinamunicipal.com.ar\/argentina\/?p=79620"},"modified":"2018-07-26T20:18:34","modified_gmt":"2018-07-26T23:18:34","slug":"el-otro-campo-le-reclama-a-etchevehere","status":"publish","type":"post","link":"http:\/\/argentinamunicipal.com.ar\/argentina\/el-otro-campo-le-reclama-a-etchevehere\/","title":{"rendered":"El \u201cotro campo\u201d le reclama a Etchevehere"},"content":{"rendered":"<p>Organizaciones de peque\u00f1os productores, campesinos e ind\u00edgenas se movilizan para exponer la cr\u00edtica situaci\u00f3n productiva, econ\u00f3mica y financiera que atraviesan. Reclaman que se restablezca el Monotributo Social Agropecuario y se implementen pol\u00edticas dirigidas al sector de la agricultura familiar. \u00abProducimos m\u00e1s del 60 por ciento de los alimentos que consumen los argentinos\u00bb, remarcaron.<\/p>\n<p>\u201cSomos el otro campo y producimos m\u00e1s del 60 por ciento de los alimentos que consumen los argentinos\u00a0\u00bfPor qu\u00e9 no accedemos a derechos b\u00e1sicos?\u201d, preguntan las organizaciones de peque\u00f1os productores agropecuarios que protestan hoy frente al Ministerio de Agroindustria de la Naci\u00f3n y en otros puntos del pa\u00eds.<\/p>\n<p>Luego de los verdurazos con los que intentaron exponer su cr\u00edtica situaci\u00f3n, reclaman una audiencia con el ministro Luis Miguel Etchevehere y que se restablezca el Monotributo Social Agropecuario que el Gobierno decidi\u00f3 dar de baja hace algunas semanas. Adem\u00e1s, piden pol\u00edticas que ayuden a sostener al sector, como tarifas diferenciadas de luz y gas oil, cr\u00e9ditos blandos a tasa subsidiada y subsidios a los insumos utilizados en la producci\u00f3n.<\/p>\n<p>\u201cAlertamos sobre las dram\u00e1ticas consecuencias que las pol\u00edticas del gobierno nacional causan a nuestro sector, pol\u00edticas que no garantizan las condiciones m\u00ednimas para seguir produciendo\u201d, afirmaron en un comunicado las organizaciones que convocaron a la marcha. Denuncian que el sector \u201cse extingue\u201d y \u201cse empobrecen los pueblos del interior y se apagan los territorios rurales; la tierra y la producci\u00f3n se extranjerizan y concentran y los consumidores pagar\u00e1n alimentos cada vez m\u00e1s caros\u201d.<\/p>\n<p>Los peque\u00f1os productores plantean tambi\u00e9n que el fin del Monotributo Social Agropecuario los deja sin obra social y jubilaci\u00f3n. \u201cEra la \u00fanica herramienta de regularizaci\u00f3n del trabajo que el Estado ten\u00eda para el sector\u201d, aseguran.<\/p>\n<p>\u201cEn esta cr\u00edtica situaci\u00f3n, que se agrava con el paso de los meses, no encontramos reacci\u00f3n ni medida alguna del gobierno y las \u2018mesas de competitividad\u2019 \u2013que parecen ser la \u00fanica iniciativa y a las cuales pr\u00e1cticamente a nadie de nuestro sector convocan-, han demostrado no ser eficientes para cambiar la coyuntura ni para adoptar pol\u00edticas a mediano y largo plazo\u201d, plantearon desde la Uni\u00f3n de Trabajadores de la Tierra.<\/p>\n<h6>Fuente: P\u00e1gina 12<\/h6>\n","protected":false},"excerpt":{"rendered":"<p>Organizaciones de peque\u00f1os productores, campesinos e ind\u00edgenas se movilizan para exponer la cr\u00edtica situaci\u00f3n productiva, econ\u00f3mica y financiera que atraviesan. <\/p>\n","protected":false},"author":2,"featured_media":79621,"comment_status":"closed","ping_status":"closed","sticky":false,"template":"","format":"standard","meta":{"footnotes":""},"categories":[8],"tags":[21],"class_list":["post-79620","post","type-post","status-publish","format-standard","has-post-thumbnail","hentry","category-informe-nacional","tag-argentina"],"_links":{"self":[{"href":"http:\/\/argentinamunicipal.com.ar\/argentina\/wp-json\/wp\/v2\/posts\/79620","targetHints":{"allow":["GET"]}}],"collection":[{"href":"http:\/\/argentinamunicipal.com.ar\/argentina\/wp-json\/wp\/v2\/posts"}],"about":[{"href":"http:\/\/argentinamunicipal.com.ar\/argentina\/wp-json\/wp\/v2\/types\/post"}],"author":[{"embeddable":true,"href":"http:\/\/argentinamunicipal.com.ar\/argentina\/wp-json\/wp\/v2\/users\/2"}],"replies":[{"embeddable":true,"href":"http:\/\/argentinamunicipal.com.ar\/argentina\/wp-json\/wp\/v2\/comments?post=79620"}],"version-history":[{"count":0,"href":"http:\/\/argentinamunicipal.com.ar\/argentina\/wp-json\/wp\/v2\/posts\/79620\/revisions"}],"wp:featuredmedia":[{"embeddable":true,"href":"http:\/\/argentinamunicipal.com.ar\/argentina\/wp-json\/wp\/v2\/media\/79621"}],"wp:attachment":[{"href":"http:\/\/argentinamunicipal.com.ar\/argentina\/wp-json\/wp\/v2\/media?parent=79620"}],"wp:term":[{"taxonomy":"category","embeddable":true,"href":"http:\/\/argentinamunicipal.com.ar\/argentina\/wp-json\/wp\/v2\/categories?post=79620"},{"taxonomy":"post_tag","embeddable":true,"href":"http:\/\/argentinamunicipal.com.ar\/argentina\/wp-json\/wp\/v2\/tags?post=79620"}],"curies":[{"name":"wp","href":"https:\/\/api.w.org\/{rel}","templated":true}]}}