{"id":79623,"date":"2018-07-27T05:18:56","date_gmt":"2018-07-27T08:18:56","guid":{"rendered":"http:\/\/argentinamunicipal.com.ar\/argentina\/?p=79623"},"modified":"2018-07-26T20:21:10","modified_gmt":"2018-07-26T23:21:10","slug":"crisis-laboral-que-enciende-luces-de-alarma","status":"publish","type":"post","link":"http:\/\/argentinamunicipal.com.ar\/argentina\/crisis-laboral-que-enciende-luces-de-alarma\/","title":{"rendered":"Crisis laboral que enciende luces de alarma"},"content":{"rendered":"<p>Desde el comienzo del gobierno de Mauricio Macri se eliminaron 82.000 puestos industriales. La corrida cambiaria, el ajuste fiscal, la apertura comercial y las elevadas tasas definen un cuadro recesivo que afecta los niveles de empleo.<\/p>\n<p>La corrida cambiaria y el ajuste fiscal comenzaron a impactar sobre los niveles de empleo. Durante mayo se destruyeron 16.900 puestos de trabajo registrados. La contracci\u00f3n mensual en la serie elaborada por el Ministerio de Trabajo es la m\u00e1s profunda desde enero de 2016. Los datos oficiales muestran que la destrucci\u00f3n mensual del empleo fue generalizada: en el sector p\u00fablico se perdieron 4900 puestos mientras que entre las actividades privadas se contabilizaron 5900 trabajadores menos que el mes anterior. La industria lidera la ca\u00edda en el \u00faltimo segmento. Con una baja mensual estimada en 3400 empleos y una p\u00e9rdida de 21.300 a lo largo de los \u00faltimos doce meses, el sector manufacturero retrocedi\u00f3 en 29 de los 30 meses de gesti\u00f3n de Cambiemos cubiertos por las estad\u00edsticas.<\/p>\n<p>Desde que comenz\u00f3 la presidencia de Mauricio Macri se destruyeron 82.000 puestos de trabajo en la industria. A la sostenida ca\u00edda de empleo en las f\u00e1bricas al ritmo de la apertura comercial y la merma en la demanda interna se sumaron el mes pasado la par\u00e1lisis en la construcci\u00f3n y una leve ca\u00edda en comercio. Las dos actividades que motorizaron la creaci\u00f3n de empleo registrado en el sector privado durante 2017 no registraban un comportamiento negativo mensual desde mediados de 2016. La construcci\u00f3n contabiliz\u00f3 1600 puestos menos que en abril mientras que las actividades comerciales anotaron una merma de 700 empleos.<\/p>\n<p>La fotograf\u00eda laboral de mayo enciende las primeras se\u00f1ales de alarma pero en la comparaci\u00f3n interanual el empleo registrado total muestra la existencia de 148.400 puestos m\u00e1s que en mayo de 2017. De acuerdo a las cifras difundidas ayer, 52 de cada 100 empleos registrados creados en el \u00faltimo a\u00f1o corresponden a inserciones inestables con remuneraciones por debajo de la media como monotributistas, trabajadoras de casas particulares y monotributistas sociales. Los datos oficiales evidencian el proceso de transformaci\u00f3n experimentado en la estructura laboral a lo largo de los \u00faltimos dos a\u00f1os donde la destrucci\u00f3n de empleo manufacturero fue compensada por empleos en el rubro servicios. El empleo p\u00fablico, por su parte, anot\u00f3 16.500 puestos m\u00e1s que un a\u00f1o atr\u00e1s. Aunque positivas las cifras muestran una fuerte desaceleraci\u00f3n en la din\u00e1mica del empleo p\u00fablico. Ese comportamiento se profundizar\u00e1 con la implementaci\u00f3n de las condicionalidades previstas en el programa de ajuste y reformas acordado con el FMI.<\/p>\n<p>Desde el Ministerio de Trabajo reconocieron ayer que los datos \u201cno son los que preve\u00edamos paro tampoco vemos una ca\u00edda destacable, hasta mayo hay bastante estabilidad dada la ca\u00edda en el nivel de actividad\u201d. La Encuesta de Indicadores Laborales (EIL) que permite anticipar el comportamiento de empleo privado registrado arroj\u00f3 en junio una ca\u00edda mensual de 0,1 por ciento. De acuerdo a los funcionarios de la cartera laboral la retracci\u00f3n \u201cparece leve dada la turbulencia\u201d.<\/p>\n<p>Junto con las cifras globales, la EIL permite conocer la movilidad de los trabajadores en el mercado de trabajo. La encuesta muestra que la tasa de entrada al mercado de trabajo fue de 1,6 por ciento, uno de los valores m\u00e1s bajos desde comienzos de siglo. \u201cEl aspecto m\u00e1s importante a destacar de la evoluci\u00f3n del empleo registrado en el marco del comienzo de una nueva crisis econ\u00f3mica, es la decisi\u00f3n de las empresas de paralizar las contrataci\u00f3n de personal. Durante junio la tasa de incorporaciones alcanz\u00f3 el valor m\u00e1s de bajo de los \u00faltimos 16 a\u00f1os. Este fen\u00f3meno, por s\u00ed solo, muestra la complejidad del cuadro laboral al inicio de la fase recesiva\u201d, advirti\u00f3 el economista Diego Schlesser a P\u00e1ginaI12.<\/p>\n<p>El investigador del Programa de Capacitaci\u00f3n y Estudios sobre Trabajo y Desarrollo (Cetyd) de la Unsam explica que el primer impacto que acusa el empleo durante un episodio recesivo como el actual no est\u00e1 dado por una disparada en los despidos sin causa sino que proviene del desplome en las incorporaciones de personal. \u201cLa reacci\u00f3n inicial de las empresas frente a un contexto adverso consiste en no cubrir las vacantes que se producen habitualmente por renuncias y retiros jubilatorios. As\u00ed, las empresas consiguen un r\u00e1pido ajuste de la dotaci\u00f3n de personal sin incurrir en erogaciones econ\u00f3micas adicionales ocasionadas por las indemnizaciones por despido, y de un modo menos visible y poco conflictivo\u201d, explica Schlesser. Por su parte, las desvinculaciones se ubicaron en 1,8 por ciento que tambi\u00e9n representa un comportamiento contractivo frente a los \u00faltimos dos a\u00f1os. La din\u00e1mica tampoco contradice la existencia de una recesi\u00f3n ya que frente a esos escenarios tiende a reducirse el n\u00famero de trabajadores que renuncian.<\/p>\n<h6>Fuente: P\u00e1gina 12<\/h6>\n","protected":false},"excerpt":{"rendered":"<p>Desde el comienzo del gobierno de Mauricio Macri se eliminaron 82.000 puestos industriales. La corrida cambiaria, el ajuste fiscal, la apertura comercial y las elevadas tasas definen un cuadro recesivo que afecta los niveles de empleo.<\/p>\n","protected":false},"author":2,"featured_media":79624,"comment_status":"closed","ping_status":"closed","sticky":false,"template":"","format":"standard","meta":{"footnotes":""},"categories":[8],"tags":[21],"class_list":["post-79623","post","type-post","status-publish","format-standard","has-post-thumbnail","hentry","category-informe-nacional","tag-argentina"],"_links":{"self":[{"href":"http:\/\/argentinamunicipal.com.ar\/argentina\/wp-json\/wp\/v2\/posts\/79623","targetHints":{"allow":["GET"]}}],"collection":[{"href":"http:\/\/argentinamunicipal.com.ar\/argentina\/wp-json\/wp\/v2\/posts"}],"about":[{"href":"http:\/\/argentinamunicipal.com.ar\/argentina\/wp-json\/wp\/v2\/types\/post"}],"author":[{"embeddable":true,"href":"http:\/\/argentinamunicipal.com.ar\/argentina\/wp-json\/wp\/v2\/users\/2"}],"replies":[{"embeddable":true,"href":"http:\/\/argentinamunicipal.com.ar\/argentina\/wp-json\/wp\/v2\/comments?post=79623"}],"version-history":[{"count":0,"href":"http:\/\/argentinamunicipal.com.ar\/argentina\/wp-json\/wp\/v2\/posts\/79623\/revisions"}],"wp:featuredmedia":[{"embeddable":true,"href":"http:\/\/argentinamunicipal.com.ar\/argentina\/wp-json\/wp\/v2\/media\/79624"}],"wp:attachment":[{"href":"http:\/\/argentinamunicipal.com.ar\/argentina\/wp-json\/wp\/v2\/media?parent=79623"}],"wp:term":[{"taxonomy":"category","embeddable":true,"href":"http:\/\/argentinamunicipal.com.ar\/argentina\/wp-json\/wp\/v2\/categories?post=79623"},{"taxonomy":"post_tag","embeddable":true,"href":"http:\/\/argentinamunicipal.com.ar\/argentina\/wp-json\/wp\/v2\/tags?post=79623"}],"curies":[{"name":"wp","href":"https:\/\/api.w.org\/{rel}","templated":true}]}}