{"id":79635,"date":"2018-07-27T05:28:21","date_gmt":"2018-07-27T08:28:21","guid":{"rendered":"http:\/\/argentinamunicipal.com.ar\/argentina\/?p=79635"},"modified":"2018-07-26T20:30:10","modified_gmt":"2018-07-26T23:30:10","slug":"con-los-despidos-no-les-alcanza-ahora-la-uia-insiste-con-la-reforma-laboral","status":"publish","type":"post","link":"http:\/\/argentinamunicipal.com.ar\/argentina\/con-los-despidos-no-les-alcanza-ahora-la-uia-insiste-con-la-reforma-laboral\/","title":{"rendered":"Con los despidos no les alcanza: ahora la UIA insiste con la reforma laboral"},"content":{"rendered":"<p>El vicepresidente de la UIA y titular de la Coordinadora de las Industrias de Productos Alimenticios (COPAL), Daniel Funes de Rioja, apunt\u00f3 contra los aportes a la seguridad social y las contribuciones sindicales.<\/p>\n<p>El n\u00famero dos de la\u00a0Uni\u00f3n Industrial Argentina, Daniel Funes de Rioja, volvi\u00f3 a la carga con la necesidad de introducir una reforma y clam\u00f3 por una \u201cnueva visi\u00f3n de la relaci\u00f3n laboral\u201d.<\/p>\n<p>\u201cAc\u00e1 nadie discute cu\u00e1l debe ser el nivel de salario en funci\u00f3n de la necesidad, siempre y cuando las empresas puedan pagarlo\u201d, lanz\u00f3 el vicepresidente de la UIA y titular de la Coordinadora de las Industrias de Productos Alimenticios (COPAL), Daniel Funes de Rioja y agreg\u00f3 que \u201cel tema fundamental es que la econom\u00eda no est\u00e1 orientada a la productividad\u201d.<\/p>\n<p>En di\u00e1logo con el programa\u00a0Mal Aconsejados que se emite los lunes de 16 a 18 horas por Radio Caput,\u00a0Funes de Rioja afirm\u00f3 que \u201chay que tener una nueva visi\u00f3n de la relaci\u00f3n laboral\u201d y a\u00f1adi\u00f3 que \u201cla mitad (de los ingresos) se pierde en el camino, ya sea por aportes a\u00a0la seguridad social, o contribuciones sindicales.\u00a0Ah\u00ed hay que mirarlo desde ese punto de vista de la fiscalidad para darle cierta racionalidad, que permita que la ecuaci\u00f3n haga que la formalidad no sea una condena\u201c.<\/p>\n<p>\u201cEn cuanto a la relaci\u00f3n laboral, hay que orientarla hacia las nuevas tecnolog\u00edas y hacia la productividad. Argentina no tiene buenos niveles de productividad. Ac\u00e1 nadie discute cu\u00e1l debe ser el nivel de salario en funci\u00f3n de la necesidad, siempre y cuando las empresas puedan pagarlo,\u00a0pero el tema fundamental es que la econom\u00eda no est\u00e1 orientada a la productividad, y el modelo de relaci\u00f3n laboral no est\u00e1 orientado hacia la modernidad\u201d, sentenci\u00f3 el empresario.<\/p>\n<p>Consultado por la coyuntura econ\u00f3mica el vicepresidente de la UIA afirm\u00f3 que \u201cvan a ser meses dif\u00edciles, pero soy optimista en que para fin de a\u00f1o podemos estar empezando a ver ciertos s\u00edntomas de recuperaci\u00f3n\u201d.<\/p>\n<p>\u201cEstamos en un momento complejo. La complejidad deriva de una serie de datos internacionales, turbulencias financieras y comerciales, que han condicionado el acceso al cr\u00e9dito, que era fundamental en un plan de gradualismo, en la medida en la que Argentina tiene un stock de problemas y\u00a0de cambios estructurales pendientes,\u00a0pero tambi\u00e9n una cuesti\u00f3n social a atender\u201d, asegur\u00f3 Funes de Rioja, en sinton\u00eda con las met\u00e1foras meteorol\u00f3gicas que inspiran la pr\u00e9dica del presidente Macri.<\/p>\n<h6>Fuente: InfoNews<\/h6>\n","protected":false},"excerpt":{"rendered":"<p>El vicepresidente de la UIA y titular de la Coordinadora de las Industrias de Productos Alimenticios (COPAL), Daniel Funes de Rioja, apunt\u00f3 contra los aportes a la seguridad social y las contribuciones sindicales.<\/p>\n","protected":false},"author":2,"featured_media":79636,"comment_status":"closed","ping_status":"closed","sticky":false,"template":"","format":"standard","meta":{"footnotes":""},"categories":[8],"tags":[21],"class_list":["post-79635","post","type-post","status-publish","format-standard","has-post-thumbnail","hentry","category-informe-nacional","tag-argentina"],"_links":{"self":[{"href":"http:\/\/argentinamunicipal.com.ar\/argentina\/wp-json\/wp\/v2\/posts\/79635","targetHints":{"allow":["GET"]}}],"collection":[{"href":"http:\/\/argentinamunicipal.com.ar\/argentina\/wp-json\/wp\/v2\/posts"}],"about":[{"href":"http:\/\/argentinamunicipal.com.ar\/argentina\/wp-json\/wp\/v2\/types\/post"}],"author":[{"embeddable":true,"href":"http:\/\/argentinamunicipal.com.ar\/argentina\/wp-json\/wp\/v2\/users\/2"}],"replies":[{"embeddable":true,"href":"http:\/\/argentinamunicipal.com.ar\/argentina\/wp-json\/wp\/v2\/comments?post=79635"}],"version-history":[{"count":0,"href":"http:\/\/argentinamunicipal.com.ar\/argentina\/wp-json\/wp\/v2\/posts\/79635\/revisions"}],"wp:featuredmedia":[{"embeddable":true,"href":"http:\/\/argentinamunicipal.com.ar\/argentina\/wp-json\/wp\/v2\/media\/79636"}],"wp:attachment":[{"href":"http:\/\/argentinamunicipal.com.ar\/argentina\/wp-json\/wp\/v2\/media?parent=79635"}],"wp:term":[{"taxonomy":"category","embeddable":true,"href":"http:\/\/argentinamunicipal.com.ar\/argentina\/wp-json\/wp\/v2\/categories?post=79635"},{"taxonomy":"post_tag","embeddable":true,"href":"http:\/\/argentinamunicipal.com.ar\/argentina\/wp-json\/wp\/v2\/tags?post=79635"}],"curies":[{"name":"wp","href":"https:\/\/api.w.org\/{rel}","templated":true}]}}