{"id":79644,"date":"2018-07-27T06:54:43","date_gmt":"2018-07-27T09:54:43","guid":{"rendered":"http:\/\/argentinamunicipal.com.ar\/argentina\/?p=79644"},"modified":"2018-07-27T06:54:43","modified_gmt":"2018-07-27T09:54:43","slug":"79644-2","status":"publish","type":"post","link":"http:\/\/argentinamunicipal.com.ar\/argentina\/79644-2\/","title":{"rendered":"Porcelanagate: Macri justific\u00f3 a Albino y el Gobierno seguir\u00e1 d\u00e1ndole millones de pesos"},"content":{"rendered":"<p>Desde que asumi\u00f3 Cambiemos su fundaci\u00f3n recibi\u00f3 casi 200 millones. \u00abEs un batallador de hace muchos a\u00f1os\u00bb, dijo el Presidente.<\/p>\n<p>Luego de que el pediatra\u00a0Abel Albino dijera en el Senado de la Naci\u00f3n que los profil\u00e1cticos tienen un margen de error del 30 por ciento porque\u00a0\u00abel virus del HIV atraviesa la porcelana\u00bb, el presidente\u00a0Mauricio Macri\u00a0sali\u00f3 a defenderlo y dijo que es \u00abun batallador de hace muchos a\u00f1os\u00bb. Adem\u00e1s, pidi\u00f3 que sus opiniones se dejen \u00aben otros campos\u00bb, aunque no aclar\u00f3 en cuales.<\/p>\n<p>La defensa de Macri est\u00e1 directamente relacionada con que su gobierno le otorga cada a\u00f1o al negacionista de la anticoncepci\u00f3n cada a\u00f1o\u00a0cuantiosas sumas de dinero.<\/p>\n<p>En este marco, el Ministerio de Educaci\u00f3n de la Naci\u00f3n ratific\u00f3 los convenios que tiene con Albino y su Fundaci\u00f3n Conin, a la que -seg\u00fan datos aportados por el jefe de Gabinete, Marcos Pe\u00f1a- el Estado le entreg\u00f3 hasta el momento 198.327.273 pesos.<\/p>\n<p>Seg\u00fan los papeles oficiales se trata de \u00abconvenios celebrados\u00bb entre la Fundaci\u00f3n los ministerios de Desarrollo Social, Educaci\u00f3n y la Secretar\u00eda Nacional de Ni\u00f1ez, Adolescencia y Familia (Sennaf). De la cifra total, m\u00e1s de 121 millones le fueron dados este a\u00f1o, cuando el Estado nacional emprendi\u00f3 el ajuste m\u00e1s virulento de las \u00faltimas d\u00e9cadas.<\/p>\n<p>Seg\u00fan Pe\u00f1a, el ministerio que efectu\u00f3 el pago fue Desarrollo Social \u00abpara los centros de prevenci\u00f3n de la desnutrici\u00f3n\u00bb.<\/p>\n<p>\u00abLas opiniones de Albino nada tienen que ver con el convenio firmado por Conin\u00bb, se\u00f1alaron en tanto desde Educaci\u00f3n sobre el enorme paso atr\u00e1s que represent\u00f3 su pat\u00e9tica ponencia ante las comisiones que debaten la ley de legalizaci\u00f3n del aborto, norma que se tratar\u00e1 en el recinto de la C\u00e1mara Alta el pr\u00f3ximo 8 de agosto.<\/p>\n<p>\u00abEl convenio no se firma con una persona, sino con una fundaci\u00f3n cuyos logros en materia del combate a la desnutrici\u00f3n y malnutrici\u00f3n infantil es reconocido en la regi\u00f3n e internacionalmente\u00bb, subrayaron.<\/p>\n<p>Por su parte, la Sociedad Argentina de Pediatr\u00eda (SAP) ya se hab\u00eda expresado contra los acuerdos entre la Casa Rosada y Albino. Consultada por el diario Clar\u00edn, la doctora Norma Piazza, nutricionista y miembro de la SAP, dispar\u00f3 contra la labor de la fundaci\u00f3n favorita de la\u00a0vicepresidenta clerical Gabriela Michetti:\u00bbAlbino copi\u00f3 en los 70 un modelo chileno que es b\u00e1sicamente asistencialista, no va a la base del problema y sus tratamientos no tienen que ver con una mirada social ni integradora. En Chile se hizo un estudio y se concluy\u00f3 que el 87 por ciento de los ni\u00f1os recuperados vuelve a caer en la desnutrici\u00f3n\u00bb, explic\u00f3.<\/p>\n<p>\u00abSu metodolog\u00eda no contempla los derechos del ni\u00f1o ni de sus madres. Su actitud es paternalista. Albino detecta familias en estado de vulnerabilidad y las adoctrina: les dice qu\u00e9 tienen que comer y c\u00f3mo deben vivir. No permite que nadie les de educaci\u00f3n sexual ni anticonceptivos. Lo que les explica es que en los d\u00edas &#8216;peligrosos&#8217; no tengan relaciones sexuales\u00bb, abund\u00f3.<\/p>\n<h6>Fuente: InfoNews<\/h6>\n","protected":false},"excerpt":{"rendered":"<p>Desde que asumi\u00f3 Cambiemos su fundaci\u00f3n recibi\u00f3 casi 200 millones. \u00abEs un batallador de hace muchos a\u00f1os\u00bb, dijo el Presidente.<\/p>\n","protected":false},"author":2,"featured_media":79645,"comment_status":"closed","ping_status":"closed","sticky":false,"template":"","format":"standard","meta":{"footnotes":""},"categories":[8],"tags":[21],"class_list":["post-79644","post","type-post","status-publish","format-standard","has-post-thumbnail","hentry","category-informe-nacional","tag-argentina"],"_links":{"self":[{"href":"http:\/\/argentinamunicipal.com.ar\/argentina\/wp-json\/wp\/v2\/posts\/79644","targetHints":{"allow":["GET"]}}],"collection":[{"href":"http:\/\/argentinamunicipal.com.ar\/argentina\/wp-json\/wp\/v2\/posts"}],"about":[{"href":"http:\/\/argentinamunicipal.com.ar\/argentina\/wp-json\/wp\/v2\/types\/post"}],"author":[{"embeddable":true,"href":"http:\/\/argentinamunicipal.com.ar\/argentina\/wp-json\/wp\/v2\/users\/2"}],"replies":[{"embeddable":true,"href":"http:\/\/argentinamunicipal.com.ar\/argentina\/wp-json\/wp\/v2\/comments?post=79644"}],"version-history":[{"count":0,"href":"http:\/\/argentinamunicipal.com.ar\/argentina\/wp-json\/wp\/v2\/posts\/79644\/revisions"}],"wp:featuredmedia":[{"embeddable":true,"href":"http:\/\/argentinamunicipal.com.ar\/argentina\/wp-json\/wp\/v2\/media\/79645"}],"wp:attachment":[{"href":"http:\/\/argentinamunicipal.com.ar\/argentina\/wp-json\/wp\/v2\/media?parent=79644"}],"wp:term":[{"taxonomy":"category","embeddable":true,"href":"http:\/\/argentinamunicipal.com.ar\/argentina\/wp-json\/wp\/v2\/categories?post=79644"},{"taxonomy":"post_tag","embeddable":true,"href":"http:\/\/argentinamunicipal.com.ar\/argentina\/wp-json\/wp\/v2\/tags?post=79644"}],"curies":[{"name":"wp","href":"https:\/\/api.w.org\/{rel}","templated":true}]}}