{"id":79656,"date":"2018-07-27T07:11:39","date_gmt":"2018-07-27T10:11:39","guid":{"rendered":"http:\/\/argentinamunicipal.com.ar\/argentina\/?p=79656"},"modified":"2018-07-27T07:11:39","modified_gmt":"2018-07-27T10:11:39","slug":"cerca-de-400-personas-viven-en-la-calle-solo-en-el-centro-rosarino","status":"publish","type":"post","link":"http:\/\/argentinamunicipal.com.ar\/argentina\/cerca-de-400-personas-viven-en-la-calle-solo-en-el-centro-rosarino\/","title":{"rendered":"Cerca de 400 personas viven en la calle s\u00f3lo en el centro rosarino"},"content":{"rendered":"<p>As\u00ed lo revel\u00f3 un censo realizado por Ong&#8217;s que abordan esta problem\u00e1tica. La mayor\u00eda son hombres solos que llevan m\u00e1s de 3 a\u00f1os as\u00ed.<\/p>\n<p>Casi 400 personas viven en situaci\u00f3n de calle en el distrito Centro, el doble de la estimaci\u00f3n que manejaban desde el \u00e1rea de Desarrollo Social de la Municipalidad. La mayor\u00eda de estas personas lleva m\u00e1s de tres a\u00f1os as\u00ed y generalmente se trata de hombres solos. El minucioso censo realizado por el colectivo de organizaciones que trabaja la problem\u00e1tica de la calle, y del que forman parte nueve ONGs, expone una trama compleja, dif\u00edcil de revertir y que se agrav\u00f3 en los \u00faltimos meses con fuerte un crecimiento de la cantidad de j\u00f3venes y de familias. Fue presentado ayer en sociedad.<\/p>\n<p>La existencia de personas en situaci\u00f3n de calle \u201ces una realidad que siempre existi\u00f3 y que creci\u00f3 desde los a\u00f1os 90 por distintos factores socio-econ\u00f3micos\u201d reconoce el informe, en el que se se\u00f1ala que la problem\u00e1tica posee numerosas causas y pasan desde problemas econ\u00f3micos, contextos vulnerables, falta de empleo, consumos problem\u00e1ticos y conflictos familiares. Tambi\u00e9n destaca la inexistencia de una red de contenci\u00f3n integral que afronte la problem\u00e1tica desde todas sus aristas y logre recomponer el nexo entre las personas y la sociedad.<\/p>\n<p>Luciano Viso, del Movimiento Acci\u00f3n Solidaria, explic\u00f3 que el relevamiento fue concebido por el Colectivo como un instrumento que sirva como insumo para poder generar los espacios y herramientas necesarios para modificar la situaci\u00f3n de las personas que viven en la calle en Rosario. Para el censo utilizaron un m\u00e9todo similar al que adoptaron las organizaciones sociales de la Ciudad de Buenos Aires.<\/p>\n<p>Seg\u00fan el trabajo, que se realiz\u00f3 a mediados de noviembre de 2017 pero que reci\u00e9n est\u00e1n terminando de procesar, 389 personas viven en situaci\u00f3n de calle s\u00f3lo en el \u00e1rea comprendida por 27 de Febrero, Avellaneda y el r\u00edo Paran\u00e1. M\u00e1s de la mitad (202) habita en el centro, 87 en el macrocentro y en la zona de la Terminal de Omnibus fueron registrados 100, 46 de los cuales viven en la misma estaci\u00f3n.<\/p>\n<p>El relevamiento no se hizo por fuera de ese per\u00edmetro, pero Viso se\u00f1al\u00f3 que la cifra \u2014en base al trabajo cotidiano de las ONGs\u2014 permitir\u00eda inferir que ser\u00eda un n\u00famero inferior al que se registr\u00f3 en el Distrito Centro.<\/p>\n<p>Sitios y perfiles<\/p>\n<p>Los espacios m\u00e1s habitados por las personas en situaci\u00f3n de calle son las veredas (167) y en plazas y parques (77). En este sentido, Viso se\u00f1al\u00f3 que, adem\u00e1s de los refugios y la Terminal, se concentran sobre la costanera del r\u00edo Paran\u00e1 \u2014entre el Monumento y el parque De las Colectividades\u2014 y en las peatonales.<\/p>\n<p>El informe, realizado en base a entrevistas hechas por 200 colaboradores, indica que la mayor\u00eda de quienes viven en las calles son hombres solos (227) y que otros forman lo que denominaron \u201cranchadas\u201d.<\/p>\n<p>La mayor\u00eda tiene entre 28 y 67 a\u00f1os y naci\u00f3 en Rosario o en el interior de Santa Fe. Apenas hay cinco extranjeros.<\/p>\n<p>Del an\u00e1lisis del informe se desprende que el 77,6 por ciento de las personas en situaci\u00f3n de calle est\u00e1 desde hace m\u00e1s de tres a\u00f1os as\u00ed. Son 184 sobre un total de los 237 entrevistados. Pero hay un 37 por ciento que lleva m\u00e1s de 6 a\u00f1os en la calle.<\/p>\n<p>Viso se\u00f1al\u00f3 que los dos principales motivos que los llevaron a estar en situaci\u00f3n de calles son los problemas familiares y los econ\u00f3micos.<\/p>\n<p>De de los asuntos econ\u00f3micos que inclu\u00eda el cuestionario, en primer lugar se observa que la actividad m\u00e1s frecuente para obtener dinero es la de cuidacoches (71 personas), seguida por las changas (52 personas), el pedido de dinero (28 personas) y la venta ambulante (22 personas). El resto de las actividades se distribuyen entre el cartoneo, la alba\u00f1iler\u00eda, un trabajo fijo, el abrir puertas de taxis y otros.<\/p>\n<p>Apenas 45 reciben alg\u00fan beneficio econ\u00f3mico como pensi\u00f3n, jubilaci\u00f3n, y planes sociales s\u00f3lo un 5 por ciento.<\/p>\n<p>El 91,5 por ciento respondi\u00f3 tener alg\u00fan grado de instrucci\u00f3n.<\/p>\n<p>Al ser entrevistados y consultados sobre si quer\u00edan dejar de estar en situaci\u00f3n de calle, el 82 por ciento admiti\u00f3 que quiere volver a estar bajo un techo de forma m\u00e1s permanente.<\/p>\n<h6>Fuente: Sin Mordaza<\/h6>\n","protected":false},"excerpt":{"rendered":"<p>As\u00ed lo revel\u00f3 un censo realizado por Ong&#8217;s que abordan esta problem\u00e1tica. La mayor\u00eda son hombres solos que llevan m\u00e1s de 3 a\u00f1os as\u00ed.<\/p>\n","protected":false},"author":2,"featured_media":79657,"comment_status":"closed","ping_status":"closed","sticky":false,"template":"","format":"standard","meta":{"footnotes":""},"categories":[2],"tags":[10],"class_list":["post-79656","post","type-post","status-publish","format-standard","has-post-thumbnail","hentry","category-informe-municipal","tag-santa-fe"],"_links":{"self":[{"href":"http:\/\/argentinamunicipal.com.ar\/argentina\/wp-json\/wp\/v2\/posts\/79656","targetHints":{"allow":["GET"]}}],"collection":[{"href":"http:\/\/argentinamunicipal.com.ar\/argentina\/wp-json\/wp\/v2\/posts"}],"about":[{"href":"http:\/\/argentinamunicipal.com.ar\/argentina\/wp-json\/wp\/v2\/types\/post"}],"author":[{"embeddable":true,"href":"http:\/\/argentinamunicipal.com.ar\/argentina\/wp-json\/wp\/v2\/users\/2"}],"replies":[{"embeddable":true,"href":"http:\/\/argentinamunicipal.com.ar\/argentina\/wp-json\/wp\/v2\/comments?post=79656"}],"version-history":[{"count":0,"href":"http:\/\/argentinamunicipal.com.ar\/argentina\/wp-json\/wp\/v2\/posts\/79656\/revisions"}],"wp:featuredmedia":[{"embeddable":true,"href":"http:\/\/argentinamunicipal.com.ar\/argentina\/wp-json\/wp\/v2\/media\/79657"}],"wp:attachment":[{"href":"http:\/\/argentinamunicipal.com.ar\/argentina\/wp-json\/wp\/v2\/media?parent=79656"}],"wp:term":[{"taxonomy":"category","embeddable":true,"href":"http:\/\/argentinamunicipal.com.ar\/argentina\/wp-json\/wp\/v2\/categories?post=79656"},{"taxonomy":"post_tag","embeddable":true,"href":"http:\/\/argentinamunicipal.com.ar\/argentina\/wp-json\/wp\/v2\/tags?post=79656"}],"curies":[{"name":"wp","href":"https:\/\/api.w.org\/{rel}","templated":true}]}}