{"id":79694,"date":"2018-07-30T06:00:09","date_gmt":"2018-07-30T09:00:09","guid":{"rendered":"http:\/\/argentinamunicipal.com.ar\/argentina\/?p=79694"},"modified":"2018-07-29T19:38:59","modified_gmt":"2018-07-29T22:38:59","slug":"preocupacion-por-el-avance-del-desempleo-preven-una-tasa-de-dos-digitos-en-el-corto-plazo","status":"publish","type":"post","link":"http:\/\/argentinamunicipal.com.ar\/argentina\/preocupacion-por-el-avance-del-desempleo-preven-una-tasa-de-dos-digitos-en-el-corto-plazo\/","title":{"rendered":"Preocupaci\u00f3n por el avance del desempleo: prev\u00e9n una tasa de dos d\u00edgitos en el corto plazo"},"content":{"rendered":"<p>De acuerdo a un estudio privado el crecimiento de la desocupaci\u00f3n se aceler\u00f3 y podr\u00eda superar la barrera del 10% antes de que termine el a\u00f1o.<\/p>\n<p>El \u00abdeterioro\u00bb en la creaci\u00f3n de puestos asalariados formales es \u00abm\u00e1s pronunciado\u00bb en la provincia de Buenos Aires con relaci\u00f3n al resto del pa\u00eds.\u00a0La tasa de desempleo alcanzar\u00eda los dos d\u00edgitos entre lo que resta de 2018 y principios de 2019, seg\u00fan un informe elaborado por la Federaci\u00f3n Econ\u00f3mica de la provincia de Buenos Aires (FEBA)<\/p>\n<p>El trabajo evalu\u00f3 que la tasa de actividad tuvo un crecimiento durante los \u00faltimos meses porque \u00abm\u00e1s personas salieron al mercado laboral por\u00a0insuficiencia en los ingresos familiares\u00bb.<\/p>\n<p>Seg\u00fan los datos recolectados, \u00abla tasa de desempleo en el Conurbano Norte es de 9,5%, en el Conurbano Oeste del 11%, en el Conurbano Sur del 13,2% y en el Interior de la provincia del 7,3%\u00bb.<\/p>\n<p>Los autores explicaron que\u00a0\u00abel deterioro en la generaci\u00f3n de puestos asalariados formales\u00a0es m\u00e1s pronunciado en la provincia de Buenos Aires en comparaci\u00f3n con el resto del pa\u00eds\u00bb.<\/p>\n<p>Las dos regiones con mayor nivel de desempleo a nivel nacional se encuentran en el territorio bonaerense, particularmente en\u00a0General Pueyrred\u00f3n y Gran Buenos Aires.<\/p>\n<p>Seg\u00fan el estudio,\u00a0\u00ablas perspectivas para el empleo distan de ser alentadoras\u00bb\u00a0y \u00ablas proyecciones del mercado laboral ofrecen un escenario de tasa de desempleo de dos d\u00edgitos para lo que resta de 2018 y comienzos de 2019\u00bb. En concreto, el pron\u00f3stico es que las cifras se ubicar\u00e1n en un rango entre 10% y el 13%.<\/p>\n<p>Adem\u00e1s, desde abril de 2017 se percibe \u00abun\u00a0menor dinamismo al crecimiento de asalariados registrado respecto del total\u00bb, de acuerdo con el informe elaborado por la rama industrial de FEBA. Por \u00faltimo, el informe consign\u00f3 que cho de cada diez empresarios \u00abno tienen previsto aumentar su planilla de personal en los pr\u00f3ximos seis meses\u00bb.<\/p>\n<h6>Fuente: InfoNews<\/h6>\n","protected":false},"excerpt":{"rendered":"<p>De acuerdo a un estudio privado el crecimiento de la desocupaci\u00f3n se aceler\u00f3 y podr\u00eda superar la barrera del 10% antes de que termine el a\u00f1o.<\/p>\n","protected":false},"author":2,"featured_media":79695,"comment_status":"closed","ping_status":"closed","sticky":false,"template":"","format":"standard","meta":{"footnotes":""},"categories":[8],"tags":[21],"class_list":["post-79694","post","type-post","status-publish","format-standard","has-post-thumbnail","hentry","category-informe-nacional","tag-argentina"],"_links":{"self":[{"href":"http:\/\/argentinamunicipal.com.ar\/argentina\/wp-json\/wp\/v2\/posts\/79694","targetHints":{"allow":["GET"]}}],"collection":[{"href":"http:\/\/argentinamunicipal.com.ar\/argentina\/wp-json\/wp\/v2\/posts"}],"about":[{"href":"http:\/\/argentinamunicipal.com.ar\/argentina\/wp-json\/wp\/v2\/types\/post"}],"author":[{"embeddable":true,"href":"http:\/\/argentinamunicipal.com.ar\/argentina\/wp-json\/wp\/v2\/users\/2"}],"replies":[{"embeddable":true,"href":"http:\/\/argentinamunicipal.com.ar\/argentina\/wp-json\/wp\/v2\/comments?post=79694"}],"version-history":[{"count":0,"href":"http:\/\/argentinamunicipal.com.ar\/argentina\/wp-json\/wp\/v2\/posts\/79694\/revisions"}],"wp:featuredmedia":[{"embeddable":true,"href":"http:\/\/argentinamunicipal.com.ar\/argentina\/wp-json\/wp\/v2\/media\/79695"}],"wp:attachment":[{"href":"http:\/\/argentinamunicipal.com.ar\/argentina\/wp-json\/wp\/v2\/media?parent=79694"}],"wp:term":[{"taxonomy":"category","embeddable":true,"href":"http:\/\/argentinamunicipal.com.ar\/argentina\/wp-json\/wp\/v2\/categories?post=79694"},{"taxonomy":"post_tag","embeddable":true,"href":"http:\/\/argentinamunicipal.com.ar\/argentina\/wp-json\/wp\/v2\/tags?post=79694"}],"curies":[{"name":"wp","href":"https:\/\/api.w.org\/{rel}","templated":true}]}}