{"id":79721,"date":"2018-07-30T04:48:52","date_gmt":"2018-07-30T07:48:52","guid":{"rendered":"http:\/\/argentinamunicipal.com.ar\/argentina\/?p=79721"},"modified":"2018-07-30T06:55:30","modified_gmt":"2018-07-30T09:55:30","slug":"79721-2","status":"publish","type":"post","link":"http:\/\/argentinamunicipal.com.ar\/argentina\/79721-2\/","title":{"rendered":"Aliado del Gobierno pero no del consumo interno"},"content":{"rendered":"<p>Te\u00f1ido por la interna de la Sociedad Rural, el discurso de su titular tuvo un marcado sesgo a favor de los exportadores. Con fuerte apoyo al gobierno de Macri, Pelegrina eludi\u00f3 los reclamos que hoy movilizan a los peque\u00f1os productores.<\/p>\n<p>La disputa interna por la conducci\u00f3n de la Sociedad Rural Argentina le dio un tinte particular a la inauguraci\u00f3n de las 132\u00aa Exposici\u00f3n del campo en Palermo, m\u00e1s all\u00e1 de la trascendencia que pudieran alcanzar los discursos de Daniel Pelegrina y Gabriela Michetti. El primero, actual presidente y postulante a su reelecci\u00f3n en septiembre, aprovech\u00f3 la oportunidad para ubicar pol\u00edticamente a la entidad lo m\u00e1s cercana e identificada con el gobierno, reivindicando \u201cla gesta contra el atropello de la 125\u201d y los hombres que la protagonizaron (nombr\u00f3 a los ex titulares de la SRA Luciano Miguens y Luis Biolcati, para hacer m\u00e1s notorio que no hizo la m\u00e1s m\u00ednima referencia a Etchevehere), y marcando una grieta insalvable con el pasado kirchnerista. \u201cNunca m\u00e1s volver\u00e1 a ser el campo la variable de ajuste de un \u00a0modelo que fracas\u00f3\u201d. Gabriela Michetti, vicepresidenta de la Naci\u00f3n, lleg\u00f3 al estrado por ausencia de Mauricio Macri, y por pedido de un amigo suyo y dirigente de la rural cercano a Etchevehere, Mart\u00edn Goldstein, quien le pidi\u00f3 que hablara para evitar que el ministro de Agroindustria tuviera que ocupar ese lugar expuesto a alg\u00fan silbido, dado su abierto enfrentamiento con Pelegrina. De hecho, el anuncio de la palabra de Michetti fue acompa\u00f1ado por su sonoro silencio, apenas alg\u00fan aplauso, al quedar involuntariamente identificada en esa interna con el ex titular de la entidad. Sus elogios al campo, su augurio de \u201cotra siembra hist\u00f3rica\u201d tras la sequ\u00eda, sus met\u00e1foras sobre \u201csembrar la confianza y el di\u00e1logo\u201d, ni su proclama de que \u201cel campo demuestra que s\u00ed se puede\u201d, lograron arrancar un aplauso potente, sentido, m\u00e1s all\u00e1 del compromiso.<\/p>\n<p>Pelegrina, en campa\u00f1a por mantener la conducci\u00f3n de la Rural, habl\u00f3 para los propios y se olvid\u00f3 del resto. Salud\u00f3 la baja y eliminaci\u00f3n de retenciones, puso en las exportaciones el horizonte de toda la producci\u00f3n \u2013incluso para la lechera\u2013, pidi\u00f3 menos carga impositiva, reducci\u00f3n del gasto p\u00fablico \u201cen todos los niveles\u201d, con un reproche especial para los intendentes, y se desentendi\u00f3 de las responsabilidades por la inflaci\u00f3n, a la que calific\u00f3, como el gobierno, de ser el peor de los males de la econom\u00eda. Comprensible en gente que no sufre hambre, pobreza ni desempleo, evidentemente.<\/p>\n<p>Los padecimientos de los peque\u00f1os y medianos productores, especialmente los que dependen del mercado interno, quedaron fuera del alcance de su discurso. El titular de la Sociedad Rural dej\u00f3 en claro, en su exposici\u00f3n, que su visi\u00f3n del campo est\u00e1 circunscripta a la agroexportaci\u00f3n. \u201cHoy se abre una gran oportunidad: exportar al mundo lo que producimos. Nos proponemos participar activamente del comercio mundial, una tarea dif\u00edcil pero absolutamente necesaria para generar crecimiento, inclusi\u00f3n y salir de la pobreza\u201d.<\/p>\n<p>Incluso cuando le toc\u00f3 hablar de los sectores que se mantienen relegados, mantuvo como eje de su discurso a los mercados externos. \u201cLa lecher\u00eda tiene un enorme potencial, tiene que encontrar su rumbo y asumir el desaf\u00edo de crecer mirando a la exportaci\u00f3n\u201d. \u201cEs imperioso generar transparencia y competitividad en toda la cadena\u201d, dijo, eludiendo y diferenci\u00e1ndose de la postura de una extensa franja de productores lecheros que exigen una intervenci\u00f3n directa de las autoridades p\u00fablicas para regular un negocio h\u00edperconcentrado (ver nota aparte).<\/p>\n<p>Tampoco asumi\u00f3 el reclamo de peque\u00f1os productores del interior por los aumentos de costos log\u00edsticos y de producci\u00f3n, con insumos muchas veces atados al d\u00f3lar. \u201cLas econom\u00edas regionales \u2013dijo Pelegrina en su discurso\u2013 empiezan a romper la inercia decadente que tra\u00edan y se observa una oportunidad para las nuevas cosechas, que ir\u00e1n mejorando atra\u00eddas por las nuevas demandas del mundo\u201d. Del consumo interno, ni una palabra.<\/p>\n<p>Dentro del abanico pol\u00edtico, Pelegrina se aline\u00f3 sin disimulos con el actual gobierno. \u201cHace poco m\u00e1s de dos a\u00f1os recuperamos el di\u00e1logo y la confianza perdida cuando el gobierno empez\u00f3 a equiparar nuestra situaci\u00f3n con la de otros sectores de la econom\u00eda y se comprometi\u00f3 con el campo, desarmando el embrollo que ten\u00edamos en el comercio y la exportaci\u00f3n de nuestros productos, eliminando y reduciendo injustas retenciones. Y est\u00e1 honrando ese compromiso con hechos. Porque que quede bien claro: nunca volveremos a ser la variable de ajuste de un modelo que fracas\u00f3\u201d.<\/p>\n<p>En otro pasaje, evoc\u00f3 la disputa de 2008 por las retenciones a la soja, a la que aludi\u00f3 como \u201cla gesta contra el atropello de la (Resoluci\u00f3n) 125, que nos uni\u00f3 como nunca. Los productores salimos a las rutas acompa\u00f1ados por los trabajadores rurales y ciudadanos de los pueblos de todo el pa\u00eds, en un compromiso m\u00edstico. Gracias a los dirigentes de la Mesa de Enlace, Eduardo Buzzi, Mario Llamb\u00edas, gracias Luciano Miguens, Luis Biolcati, gracias mellizo De Angelis\u201d. Y en su particular y restringido concepto de unidad, proclam\u00f3: \u201cArgentina sale adelante de la mano del campo, somos el motor del desarrollo argentino\u201d, entre v\u00edtores. De cara a la interna de la Sociedad Rural, le hab\u00eda hecho una demostraci\u00f3n de fuerza a su rival, Miguel Etchevehere, y un gesto hacia el gobierno de que su sector puede ser un socio m\u00e1s confiable.<\/p>\n<p>A Gabriela Michetti le toc\u00f3 hablar cuando las cartas principales ya estaban echadas. Fue recibida con frialdad, en parte porque le toc\u00f3 llegar de la mano de Etchevehere, y en parte porque era la resultante del \u201cfaltazo\u201d de Mauricio Macri, en Sud\u00e1frica por la cumbre de los BRICS. Adem\u00e1s de Macri, tampoco concurrieron los otros referentes fuertes de Cambiemos: el jefe de gobierno Horacio Rodr\u00edguez Larreta, la gobernadora Mar\u00eda Eugenia Vidal ni la aliada mayor Elisa Carri\u00f3. En un discurso breve, prolijamente le\u00eddo, citando un mensaje transmitido por Macri y un contenido sectorial con un aporte importante de la pluma del ministro Etchevehere, la vicepresidenta no dej\u00f3 ning\u00fan anuncio para el sector ni sac\u00f3 los pies del plato. Apenas hizo lo suficiente como para merecer el lugar en la historia de \u201cprimera mujer que inaugur\u00f3 la Exposici\u00f3n Rural en 132 a\u00f1os\u201d, privilegio al que Cristina Kirchner renunci\u00f3 por razones f\u00e1cilmente comprensibles.<\/p>\n<h6>Fuente: P\u00e1gina 12<\/h6>\n","protected":false},"excerpt":{"rendered":"<p>Te\u00f1ido por la interna de la Sociedad Rural, el discurso de su titular tuvo un marcado sesgo a favor de los exportadores. Con fuerte apoyo al gobierno de Macri, Pelegrina eludi\u00f3 los reclamos que hoy movilizan a los peque\u00f1os productores.<\/p>\n","protected":false},"author":2,"featured_media":79722,"comment_status":"closed","ping_status":"closed","sticky":false,"template":"","format":"standard","meta":{"footnotes":""},"categories":[8],"tags":[21],"class_list":["post-79721","post","type-post","status-publish","format-standard","has-post-thumbnail","hentry","category-informe-nacional","tag-argentina"],"_links":{"self":[{"href":"http:\/\/argentinamunicipal.com.ar\/argentina\/wp-json\/wp\/v2\/posts\/79721","targetHints":{"allow":["GET"]}}],"collection":[{"href":"http:\/\/argentinamunicipal.com.ar\/argentina\/wp-json\/wp\/v2\/posts"}],"about":[{"href":"http:\/\/argentinamunicipal.com.ar\/argentina\/wp-json\/wp\/v2\/types\/post"}],"author":[{"embeddable":true,"href":"http:\/\/argentinamunicipal.com.ar\/argentina\/wp-json\/wp\/v2\/users\/2"}],"replies":[{"embeddable":true,"href":"http:\/\/argentinamunicipal.com.ar\/argentina\/wp-json\/wp\/v2\/comments?post=79721"}],"version-history":[{"count":0,"href":"http:\/\/argentinamunicipal.com.ar\/argentina\/wp-json\/wp\/v2\/posts\/79721\/revisions"}],"wp:featuredmedia":[{"embeddable":true,"href":"http:\/\/argentinamunicipal.com.ar\/argentina\/wp-json\/wp\/v2\/media\/79722"}],"wp:attachment":[{"href":"http:\/\/argentinamunicipal.com.ar\/argentina\/wp-json\/wp\/v2\/media?parent=79721"}],"wp:term":[{"taxonomy":"category","embeddable":true,"href":"http:\/\/argentinamunicipal.com.ar\/argentina\/wp-json\/wp\/v2\/categories?post=79721"},{"taxonomy":"post_tag","embeddable":true,"href":"http:\/\/argentinamunicipal.com.ar\/argentina\/wp-json\/wp\/v2\/tags?post=79721"}],"curies":[{"name":"wp","href":"https:\/\/api.w.org\/{rel}","templated":true}]}}