{"id":79730,"date":"2018-07-30T05:04:41","date_gmt":"2018-07-30T08:04:41","guid":{"rendered":"http:\/\/argentinamunicipal.com.ar\/argentina\/?p=79730"},"modified":"2018-07-30T07:06:58","modified_gmt":"2018-07-30T10:06:58","slug":"rosario-proyecta-un-amplio-espacio-para-shows-artisticos-en-el-parque-independencia","status":"publish","type":"post","link":"http:\/\/argentinamunicipal.com.ar\/argentina\/rosario-proyecta-un-amplio-espacio-para-shows-artisticos-en-el-parque-independencia\/","title":{"rendered":"Rosario proyecta un amplio espacio para shows art\u00edsticos en el parque Independencia"},"content":{"rendered":"<p>El Cirque du Soleil se instalar\u00e1 en el antiguo predio de la Sociedad Rural con su show \u00abS\u00e9p7imo D\u00eda\u00bb y dejar\u00e1 este hangar apto para eventos de hasta diez mil personas, al menos por unos seis meses.<\/p>\n<p>Rosario sumar\u00e1 competitividad en la realizaci\u00f3n de espect\u00e1culos deportivos o musicales con capacidad para 10 mil personas. El desembarco en agosto de Cirque du Soleil con \u00abS\u00e9p7imoD\u00eda\u00bb en el ex predio de la Sociedad Rural en el Parque Independencia le dar\u00e1 a la ciudad una oferta a futuro para la concreci\u00f3n de shows a esta escala que antes no pod\u00edan concretarse. Pero el uso de este espacio, servir\u00e1 a su vez para la llegada de futuras producciones art\u00edsticas que puedan transformar al lugar en una opci\u00f3n similar al Luna Park o al Orfeo Superdomo de C\u00f3rdoba. Por el momento, tiene una autorizaci\u00f3n municipal de 6 meses.<\/p>\n<p>El regreso del espect\u00e1culo circense de origen canadiense vuelve a poner la lupa sobre la utilizaci\u00f3n del gran pulm\u00f3n verde del parque Independencia, donde por d\u00e9cadas fuera ocupado por la Sociedad Rural de Rosario.<\/p>\n<p>Y si bien se ensayaron licitaciones, maquetas, proyectos para su reutilizaci\u00f3n, lo concreto hoy es que el municipio autoriz\u00f3 por un plazo de 6 meses la explotaci\u00f3n comercial de un sector del predio para la realizaci\u00f3n de espect\u00e1culos.<\/p>\n<p>El 24 de mayo pasado, la Secretar\u00eda de Gobierno aprob\u00f3 la propuesta de la firma Oymyakon para disponer de un lugar en el ex predio de la Rural. All\u00ed, se podr\u00e1n hacer shows, cert\u00e1menes deportivos y teatrales mediante el montaje de un \u00abarena\u00bb cuyo formato es un hangar de 72 metros de largo, 82 metros de ancho y 23 metros de alto.<\/p>\n<p>Su debut ser\u00e1 con la obra que interpreta el \u00e1lbum musical del tr\u00edo Soda Stereo, a partir de mediados del mes pr\u00f3ximo, pero ser\u00e1 un punto de partida para analizar c\u00f3mo evoluciona la iniciativa para la llegada de futuros eventos.<\/p>\n<p>En di\u00e1logo con LaCapital, el referente de Oymyakon y productor art\u00edstico Gustavo Granato indic\u00f3 que \u00abla ciudad se encuentra frente a un hecho hist\u00f3rico: un domo con capacidad para 10 mil personas, que nos permitir\u00e1 a todos los productores de espect\u00e1culos la realizaci\u00f3n de propuestas que hasta la fecha eran imposibles y har\u00e1 que Rosario sea m\u00e1s competitiva por su capacidad e infraestructura. Estaremos en una agenda en la que antes no est\u00e1bamos\u00bb.<\/p>\n<p>Si bien la empresa obtuvo el permiso precario y transitorio por parte del Ejecutivo, Granato destac\u00f3 que \u00abno ser\u00e1 de uso exclusivo y se lo podr\u00e1 usar como cualquier sala donde se hacen espect\u00e1culos\u00bb.<\/p>\n<p>Para el empresario existe una demanda latente, no s\u00f3lo de los productores rosarinos sino de Buenos Aires y lo empuja a creer que ser\u00e1 el punto de arranque de un aumento de los shows de estas caracter\u00edsticas. \u00abSer\u00e1 una etapa de prueba para que todo funcione correctamente. Veremos la posibilidad de permanecer m\u00e1s tiempo dentro de lo que corresponda y de acuerdo a las ordenanzas vigentes\u00bb, destac\u00f3.<\/p>\n<p>Para dimensionar el montaje en el Parque Independencia valen algunos datos. El hangar tiene capacidad para 5.500 personas sentadas o 10 mil paradas. En Rosario, los teatros rondan las 1.500 localidades. El sal\u00f3n Metropolitano tiene capacidad para 3 mil butacas o 4 mil espectadores parados.<\/p>\n<p>\u00abNos permitir\u00e1 sumar eventos, competir un poco m\u00e1s con C\u00f3rdoba en cuanto a infraestructura y nos asemeja con la capital mediterr\u00e1nea y el Luna Park (en Capital Federal). Estamos en igualdad de condiciones, la diferencia es que aqu\u00ed se erigi\u00f3 un hangar con lonas pero despu\u00e9s las prestaciones son exactamente las mismas. Hemos podido estar de igual a igual\u00bb, remarc\u00f3 Granato.<\/p>\n<p>Durante todo este tiempo de funciones de Cirque du Soleil con \u00ab7mo d\u00eda\u00bb en el coraz\u00f3n del parque Independencia se generar\u00e1n puestos de trabajo. Los n\u00fameros son gigantes: s\u00f3lo para el armado y durante dos meses hay un promedio de 60 personas diarias trabajando. Entre la funci\u00f3n del circo, y el montaje se necesitar\u00e1n 2 mil noches de hotel. Durante 20 d\u00edas, se usar\u00e1n 6 gr\u00faas de 100 toneladas cada una.<\/p>\n<p>El hangar, de origen alem\u00e1n traer\u00e1 para su armado t\u00e9cnicos portugueses.<\/p>\n<p>Expectativa oficial<\/p>\n<p>\u00abEs realmente importante que un emprendedor desarrolle en nuestra ciudad un lugar que permita traer eventos nacionales e internacionales de calidad. Nuestra ciudad no cuenta con un Arena o un Domo en donde puedan realizarse eventos de jerarqu\u00eda para 10.000 o 12.000 personas y hemos intentado muchas veces que esto se concrete por medio de iniciativa privada. No obstante los montos de inversi\u00f3n son elevados y los riesgos altos, por lo que desarrollos privados siempre han quedado solo en ideas y proyectos. Incluso hemos procurado que emprendedores y productores locales se unan en una gesti\u00f3n mancomunada, pero nunca conseguimos materializar las inversiones\u00bb, repas\u00f3 el secretario de Gobierno Gustavo Leone.<\/p>\n<p>Por ello, desde el Palacio de los Leones se entusiasmaron con la propuesta Oymyakon que trae a S\u00e9ptimo D\u00eda de la mano de un productor rosarino, Gustavo Granato, \u00abya que propuso una infraestructura interesante con capacidad de albergar buenos eventos en un futuro pr\u00f3ximo. Es en este marco que autorizamos su radicaci\u00f3n por un plazo de 6 meses de modo tal de que puedan realizarse otros eventos adem\u00e1s del Cirque du Soleil en nuestra ciudad\u00bb.<\/p>\n<p>Cabe recordar que tanto provincia como municipio tienen lanzada la refacci\u00f3n con fondos p\u00fablicos de los pabellones hist\u00f3ricos de la Rural.<\/p>\n<p>\u00abCreemos que este es un paso inicial, pero concreto y firme, en la promoci\u00f3n de una iniciativa privada que materialice la construcci\u00f3n de un gran lugar de espect\u00e1culos, ferias y eventos de car\u00e1cter permanente, y que permita a nuestra ciudad posicionarse como sede de eventos de gran jerarqu\u00eda. Este ha sido nuestro anhelo de muchos a\u00f1os, y la decisi\u00f3n pol\u00edtica de la intendenta y el gobernador est\u00e1n permitiendo hacerlo realidad\u00bb.<\/p>\n<h6>Fuente: La Capital<\/h6>\n","protected":false},"excerpt":{"rendered":"<p>El Cirque du Soleil se instalar\u00e1 en el antiguo predio de la Sociedad Rural con su show \u00abS\u00e9p7imo D\u00eda\u00bb y dejar\u00e1 este hangar apto para eventos de hasta diez mil personas, al menos por unos seis meses.<\/p>\n","protected":false},"author":2,"featured_media":79731,"comment_status":"closed","ping_status":"closed","sticky":false,"template":"","format":"standard","meta":{"footnotes":""},"categories":[2],"tags":[10],"class_list":["post-79730","post","type-post","status-publish","format-standard","has-post-thumbnail","hentry","category-informe-municipal","tag-santa-fe"],"_links":{"self":[{"href":"http:\/\/argentinamunicipal.com.ar\/argentina\/wp-json\/wp\/v2\/posts\/79730","targetHints":{"allow":["GET"]}}],"collection":[{"href":"http:\/\/argentinamunicipal.com.ar\/argentina\/wp-json\/wp\/v2\/posts"}],"about":[{"href":"http:\/\/argentinamunicipal.com.ar\/argentina\/wp-json\/wp\/v2\/types\/post"}],"author":[{"embeddable":true,"href":"http:\/\/argentinamunicipal.com.ar\/argentina\/wp-json\/wp\/v2\/users\/2"}],"replies":[{"embeddable":true,"href":"http:\/\/argentinamunicipal.com.ar\/argentina\/wp-json\/wp\/v2\/comments?post=79730"}],"version-history":[{"count":0,"href":"http:\/\/argentinamunicipal.com.ar\/argentina\/wp-json\/wp\/v2\/posts\/79730\/revisions"}],"wp:featuredmedia":[{"embeddable":true,"href":"http:\/\/argentinamunicipal.com.ar\/argentina\/wp-json\/wp\/v2\/media\/79731"}],"wp:attachment":[{"href":"http:\/\/argentinamunicipal.com.ar\/argentina\/wp-json\/wp\/v2\/media?parent=79730"}],"wp:term":[{"taxonomy":"category","embeddable":true,"href":"http:\/\/argentinamunicipal.com.ar\/argentina\/wp-json\/wp\/v2\/categories?post=79730"},{"taxonomy":"post_tag","embeddable":true,"href":"http:\/\/argentinamunicipal.com.ar\/argentina\/wp-json\/wp\/v2\/tags?post=79730"}],"curies":[{"name":"wp","href":"https:\/\/api.w.org\/{rel}","templated":true}]}}