{"id":79781,"date":"2018-07-31T05:04:46","date_gmt":"2018-07-31T08:04:46","guid":{"rendered":"http:\/\/argentinamunicipal.com.ar\/argentina\/?p=79781"},"modified":"2018-07-30T19:10:01","modified_gmt":"2018-07-30T22:10:01","slug":"79781-2","status":"publish","type":"post","link":"http:\/\/argentinamunicipal.com.ar\/argentina\/79781-2\/","title":{"rendered":"Preocupaci\u00f3n por el conurbano e indiferencia por la Patagonia"},"content":{"rendered":"<p>La mirada del Gobierno Nacional est\u00e1 en el cumplimiento de las metas de ajuste fiscal planteadas con el FMI. En paralelo, la ca\u00edda de la econom\u00eda, del 5,8%, explica la fuerte baja del consumo que se est\u00e1 produciendo en todo el pa\u00eds.<br \/>\nA eso se le suma que la canasta b\u00e1sica alimentaria creci\u00f3 por arriba de la inflaci\u00f3n en junio y se cree que en julio ocurrir\u00e1 lo mismo.<br \/>\nEn paralelo, el rec\u00e1lculo a la baja de asignaciones familiares en una de las zonas que genera la mayor riqueza en hidrocarburos para el pa\u00eds, como es la Patagonia y en el Norte, la porci\u00f3n m\u00e1s pobre de Argentina, no avizora el mejor escenario econ\u00f3mico, donde la clase media vuelve a ser la m\u00e1s castigada.<br \/>\nComo contrapartida, el Gobierno s\u00f3lo busca amainar el impacto en el conurbano bonaerense, consciente de que un desmadre social en esa regi\u00f3n impactar\u00eda, v\u00eda la nacionalizaci\u00f3n de la informaci\u00f3n, en todo el pa\u00eds.<br \/>\nPara ello, entre Naci\u00f3n y Provincia acordaron la creaci\u00f3n de un fondo destinado a abastecer de alimentos a comedores y tener dinero disponible para responder sin demoras si la situaci\u00f3n se desborda (ver p\u00e1gina 17).<br \/>\nTambi\u00e9n buscan apurar la descentralizaci\u00f3n del mercado central para poder ofrecer alimentos frescos a muy buen precio en barrios de la clase media y media baja del Gran Buenos Aires. Ser\u00e1n veinte mercados rotativos.<br \/>\nEsa mirada \u201csocial\u201d hacia el Conurbano tiene la contracara en la acci\u00f3n \u201ceconomicista\u201d que se tom\u00f3 con la Patagonia y el norte del pa\u00eds.<br \/>\nDe un plumazo, a partir de septiembre, el Gobierno absorber\u00e1 unos $ 5.000 millones del c\u00edrculo de consumo en once provincias del pa\u00eds. Se estima que de Patagonia se \u201caspirar\u00e1n\u201d unos $ 3.000 millones.<br \/>\nEn Santa Cruz se estima que la disminuci\u00f3n de las asignaciones familiares implicar\u00e1 unos $ 54 millones al mes, o sea unos $ 650 millones al a\u00f1o.<br \/>\nEl impacto al bolsillo de los trabajadores y en paralelo al consumo en cada una de las localidades, es parte de los argumentos que la mayor\u00eda de los bloques parlamentarios esgrime en sus proyectos de rechazo (ver nota principal).<br \/>\nConsecuente con esa mirada, la Organizaci\u00f3n de Trabajadores Radicales, al hacer p\u00fablico su rechazo a la medida, indic\u00f3 que \u201cesta quita en el monto de las asignaciones familiares atenta directamente contra el bolsillo de los trabajadores y de quienes cobran planes sociales, a la vez de debilitar el consumo interno en las provincias a las que se les saca el plus. Esperamos una actitud madura de parte de todos nuestros legisladores nacionales para que esta variable de ajuste sea desechada\u201d, plantearon.<\/p>\n<h6>Fuente: La Opini\u00f3n Austral<\/h6>\n","protected":false},"excerpt":{"rendered":"<p>La mirada del Gobierno Nacional est\u00e1 en el cumplimiento de las metas de ajuste fiscal planteadas con el FMI. En paralelo, la ca\u00edda de la econom\u00eda, del 5,8%, explica la fuerte baja del consumo que se est\u00e1 produciendo en todo el pa\u00eds.<\/p>\n","protected":false},"author":2,"featured_media":79782,"comment_status":"closed","ping_status":"closed","sticky":false,"template":"","format":"standard","meta":{"footnotes":""},"categories":[8],"tags":[21],"class_list":["post-79781","post","type-post","status-publish","format-standard","has-post-thumbnail","hentry","category-informe-nacional","tag-argentina"],"_links":{"self":[{"href":"http:\/\/argentinamunicipal.com.ar\/argentina\/wp-json\/wp\/v2\/posts\/79781","targetHints":{"allow":["GET"]}}],"collection":[{"href":"http:\/\/argentinamunicipal.com.ar\/argentina\/wp-json\/wp\/v2\/posts"}],"about":[{"href":"http:\/\/argentinamunicipal.com.ar\/argentina\/wp-json\/wp\/v2\/types\/post"}],"author":[{"embeddable":true,"href":"http:\/\/argentinamunicipal.com.ar\/argentina\/wp-json\/wp\/v2\/users\/2"}],"replies":[{"embeddable":true,"href":"http:\/\/argentinamunicipal.com.ar\/argentina\/wp-json\/wp\/v2\/comments?post=79781"}],"version-history":[{"count":0,"href":"http:\/\/argentinamunicipal.com.ar\/argentina\/wp-json\/wp\/v2\/posts\/79781\/revisions"}],"wp:featuredmedia":[{"embeddable":true,"href":"http:\/\/argentinamunicipal.com.ar\/argentina\/wp-json\/wp\/v2\/media\/79782"}],"wp:attachment":[{"href":"http:\/\/argentinamunicipal.com.ar\/argentina\/wp-json\/wp\/v2\/media?parent=79781"}],"wp:term":[{"taxonomy":"category","embeddable":true,"href":"http:\/\/argentinamunicipal.com.ar\/argentina\/wp-json\/wp\/v2\/categories?post=79781"},{"taxonomy":"post_tag","embeddable":true,"href":"http:\/\/argentinamunicipal.com.ar\/argentina\/wp-json\/wp\/v2\/tags?post=79781"}],"curies":[{"name":"wp","href":"https:\/\/api.w.org\/{rel}","templated":true}]}}