{"id":79784,"date":"2018-07-31T05:10:22","date_gmt":"2018-07-31T08:10:22","guid":{"rendered":"http:\/\/argentinamunicipal.com.ar\/argentina\/?p=79784"},"modified":"2018-07-30T19:31:50","modified_gmt":"2018-07-30T22:31:50","slug":"macri-invoca-a-la-oposicion-para-militarizar-el-pais","status":"publish","type":"post","link":"http:\/\/argentinamunicipal.com.ar\/argentina\/macri-invoca-a-la-oposicion-para-militarizar-el-pais\/","title":{"rendered":"Macri invoca a la oposici\u00f3n para militarizar el pa\u00eds"},"content":{"rendered":"<p>Cuatro d\u00edas despu\u00e9s de la masiva movilizaci\u00f3n contra la militarizaci\u00f3n del pa\u00eds, el primer mandatario defendi\u00f3 el decreto que habilit\u00f3 la participaci\u00f3n de los 70.000 integrantes de las Fuerzas Armadas en tareas de seguridad interior. Asegur\u00f3 que otros candidatos presidenciales propon\u00edan lo mismo durante la campa\u00f1a de 2015.<\/p>\n<p>El presidente Mauricio Macri volvi\u00f3 a defender el \u00abnuevo rol de las Fuerzas Armadas\u00bb durante un discurso en el que desoy\u00f3 la multitudinaria marcha de rechazo convocada por los organismos de derechos humanos y celebr\u00f3 que los 70 mil integrantes de las tres fuerzas pudieran dar \u00abtranquilidad\u00bb y \u00abseguridad\u00bb. Adem\u00e1s, el mandatario soslay\u00f3 su responsabilidad acerca de la iniciativa oficial\u00a0al se\u00f1alar que otros candidatos de la campa\u00f1a presidencial 2015\u00a0\u00abpropusieron exactamente lo mismo\u00bb, en referencia a\u00a0Daniel Scioli y a Sergio Massa.<\/p>\n<p>Durante el acto que comparti\u00f3 esta ma\u00f1ana en C\u00f3rdoba con el\u00a0gobernador Juan Schiaretti, el Presidente insisti\u00f3 en que\u00a0\u00ablas Fuerzas Armadas pueden cumplir un rol muy importante\u00bb aunque no despej\u00f3 las\u00a0dudas acerca de su futuro rol. Macri reiter\u00f3 su advertencia acerca\u00a0 de \u00ablas amenazas globales del Siglo XXI\u00bb, la doctrina de las \u00abnuevas amenazas\u00bb de Estados Unidos, entre las que destac\u00f3 al terrorismo, \u00abdel cual los argentinos fuimos v\u00edctimas\u00bb (en referencia al ataque a la AMIA de 1994, todav\u00eda hoy impune), los ciberataques\u00a0y el narcotr\u00e1fico.<\/p>\n<p>Seg\u00fan el mandatario, las Fuerzas Armadas \u00abayudar\u00e1n a cuidar las fronteras y dar\u00e1n\u00a0apoyo log\u00edstico a las fuerzas de seguridad interior\u00bb, reconociendo de\u00a0hecho los distintos roles asignados a cada una de ellas por la legislaci\u00f3n nacional vigente.\u00a0Al mismo tiempo, el Presidente ampli\u00f3 las fronteras del accionar militar y celebr\u00f3 que\u00a0\u00ablos 70 mil hombres y mujeres de las Fuerzas Armadas est\u00e1n comprometidos, con ganas de ser parte, de darnos tranquilidad, de darnos seguridad\u00bb.<\/p>\n<p>De\u00a0esta manera, y en un solo acto, Macri desoy\u00f3\u00a0los reclamos de los organismos de derechos humanos contra la militarizaci\u00f3n del pa\u00eds e intent\u00f3 compartir la iniciativa con la oposici\u00f3n al recordar que \u00abhace dos a\u00f1os\u00a0y medio, los candidatos con quienes compet\u00ed propusieron exactamente lo mismo\u00bb.<\/p>\n<h6>Fuente: P\u00e1gina 12<\/h6>\n","protected":false},"excerpt":{"rendered":"<p>Cuatro d\u00edas despu\u00e9s de la masiva movilizaci\u00f3n contra la militarizaci\u00f3n del pa\u00eds, el primer mandatario defendi\u00f3 el decreto que habilit\u00f3 la participaci\u00f3n de los 70.000 integrantes de las Fuerzas Armadas en tareas de seguridad interior. <\/p>\n","protected":false},"author":2,"featured_media":79797,"comment_status":"closed","ping_status":"closed","sticky":false,"template":"","format":"standard","meta":{"footnotes":""},"categories":[8],"tags":[21],"class_list":["post-79784","post","type-post","status-publish","format-standard","has-post-thumbnail","hentry","category-informe-nacional","tag-argentina"],"_links":{"self":[{"href":"http:\/\/argentinamunicipal.com.ar\/argentina\/wp-json\/wp\/v2\/posts\/79784","targetHints":{"allow":["GET"]}}],"collection":[{"href":"http:\/\/argentinamunicipal.com.ar\/argentina\/wp-json\/wp\/v2\/posts"}],"about":[{"href":"http:\/\/argentinamunicipal.com.ar\/argentina\/wp-json\/wp\/v2\/types\/post"}],"author":[{"embeddable":true,"href":"http:\/\/argentinamunicipal.com.ar\/argentina\/wp-json\/wp\/v2\/users\/2"}],"replies":[{"embeddable":true,"href":"http:\/\/argentinamunicipal.com.ar\/argentina\/wp-json\/wp\/v2\/comments?post=79784"}],"version-history":[{"count":0,"href":"http:\/\/argentinamunicipal.com.ar\/argentina\/wp-json\/wp\/v2\/posts\/79784\/revisions"}],"wp:featuredmedia":[{"embeddable":true,"href":"http:\/\/argentinamunicipal.com.ar\/argentina\/wp-json\/wp\/v2\/media\/79797"}],"wp:attachment":[{"href":"http:\/\/argentinamunicipal.com.ar\/argentina\/wp-json\/wp\/v2\/media?parent=79784"}],"wp:term":[{"taxonomy":"category","embeddable":true,"href":"http:\/\/argentinamunicipal.com.ar\/argentina\/wp-json\/wp\/v2\/categories?post=79784"},{"taxonomy":"post_tag","embeddable":true,"href":"http:\/\/argentinamunicipal.com.ar\/argentina\/wp-json\/wp\/v2\/tags?post=79784"}],"curies":[{"name":"wp","href":"https:\/\/api.w.org\/{rel}","templated":true}]}}