{"id":79787,"date":"2018-07-31T06:14:49","date_gmt":"2018-07-31T09:14:49","guid":{"rendered":"http:\/\/argentinamunicipal.com.ar\/argentina\/?p=79787"},"modified":"2018-07-30T19:23:24","modified_gmt":"2018-07-30T22:23:24","slug":"79787-2","status":"publish","type":"post","link":"http:\/\/argentinamunicipal.com.ar\/argentina\/79787-2\/","title":{"rendered":"Abrazado al ajuste"},"content":{"rendered":"<p>En un acto en C\u00f3rdoba junto al gobernador Juan Schiaretti, el Presidente destac\u00f3 su decisi\u00f3n de \u00abno cambiar el rumbo\u00bb econ\u00f3mico\u00bb\u00a0y demostrar que \u00abde verdad este cambio lo sentimos y lo abrazamos\u00bb. Tambi\u00e9n se\u00f1al\u00f3 que \u00abest\u00e1bamos bien y nos topamos con una tormenta de frente\u00bb e inst\u00f3 a los argentinos a \u00abponer a\u00fan m\u00e1s el hombro\u00bb.<\/p>\n<p>El presidente Mauricio Macri se mostr\u00f3 junto al gobernador Juan Schiaretti en C\u00f3rdoba y defendi\u00f3 el plan de ajuste econ\u00f3mico, enmarcado en el acuerdo con el FMI,\u00a0al destacar la decisi\u00f3n de \u00abno cambiar el rumbo\u00bb econ\u00f3mico de su gesti\u00f3n\u00a0y demostrar que \u00abde verdad este cambio lo sentimos y lo abrazamos\u00bb. Macri volvi\u00f3 a referirse a la crisis econ\u00f3mica que atraviesa el pa\u00eds como \u00abuna tormenta\u00bb de factores externos, pero le pidi\u00f3 a los argentinos \u00abponer a\u00fan m\u00e1s el hombro, poner todo\u00bb.<\/p>\n<p>A la vuelta de su participaci\u00f3n en la cumbre del Brics, Macri aprovech\u00f3 el anuncio de un nuevo modelo de Nissan, en la planta de la localidad cordobesa de Santa Isabel, para hacer una defensa de su gesti\u00f3n con tintes de inicio de campa\u00f1a, para lo que convoc\u00f3 a los cordobeses como \u00abl\u00edderes del cambio\u00bb a \u00abseguir trabajando juntos\u00bb. El mandatario se mostr\u00f3 junto al gobernador Schiaretti, hombre clave para el acuerdo que Cambiemos necesita para votar el Presupuesto 2019, y reconoci\u00f3 que el pa\u00eds atraviesa \u00abmomentos dif\u00edciles\u00bb.<\/p>\n<p>\u00abEst\u00e1bamos bien y nos topamos con una tormenta de frente\u00bb, insisti\u00f3 Macri en su an\u00e1lisis meterol\u00f3gicos respecto de\u00a0los errores de gesti\u00f3n que dejaron en el camino a tres funcionarios tras la corrida cambiaria de mayo. El presidente se mantuvo firme en el libreto de se\u00f1alar las razones de la crisis econ\u00f3mica en motivos externos como la guerra comercial entre Estados Unidos y China, la volatilidad de los mercados internacionales \u2014\u00bbdonde vamos a pedir prestado lo que necesitamos para cubrir esta mochila, que tenemos que ir achicando en el tiempo, que es el d\u00e9ficit fiscal\u00bb\u2014 y el \u00abcambio clim\u00e1tico\u00bb, en referencia a la sequ\u00eda que impacto en la cosecha de soja.<\/p>\n<p>En medio de la \u00abtormenta\u00bb, Macri confirm\u00f3 el rumbo econ\u00f3mico del Gobierno bajo las pauta del FMI y se\u00f1al\u00f3 que \u00abel cambio es en serio\u00bb, por lo que revalid\u00f3 la frase de los primeros meses de Gobierno y le pidi\u00f3 a los argentinos: \u00abponer a\u00fan m\u00e1s el hombro, poner todo,\u00bb porque \u00abnadie nos va a regalar nada\u00bb.<\/p>\n<p>A cambio, el mandatario recreo di\u00e1logos que mantuvo con sus pares durante la conferencia de Brics en Sud\u00e1frica. En ese sentido,\u00a0se\u00f1al\u00f3 que \u00abhay una visi\u00f3n positiva del futuro\u00bb y que se ratificaron \u00abel apoyo a las reformas y transformaciones que estamos haciendo\u00bb y hasta calific\u00f3 a la Argentina como la enviada a \u00abejercer el liderazgo en Latinoam\u00e9rica\u00bb frente a la decisi\u00f3n de \u00abno cambiar el rumbo, con la que demostramos que, de verdad, este cambio lo sentimos y lo abrazamos\u00bb.<\/p>\n<p>El presidente se present\u00f3 junto con el gobernador provincial en\u00a0el lanzamiento de un pick-up de Nissan realizada en la planta de la empresa japonesa en la localidad cordobesa de Santa Isabel. Schiaretti\u00a0destac\u00f3 la creaci\u00f3n de empleo.<\/p>\n<p>Sin embargo, los n\u00fameros de la industria automotriz mostraron un leve crecimiento en mayo pasado, anticipando una contracci\u00f3n en comparaci\u00f3n con los n\u00fameros del primer trimestre. Adem\u00e1s, las cifras de uso de capacidad instalada, difundidas por el Indec, se\u00f1alan una baja respecto de 2017, en la que el sector automotriz y del alimentos y bebidas registra la mayor ca\u00edda. \u00a0De todas maneras, Macri destac\u00f3 \u00ablo que se puede lograr trabajando juntos\u00bb en referencia a la mesa de trabajo en la que confluyen funcionarios nacional y provinciales, empresas y sindicatos, y resalt\u00f3 el objetivo trazado por el plan \u00abun mill\u00f3n de veh\u00edculos 2023\u00bb.<\/p>\n<p>Hace diez d\u00edas, las terminales automotrices agrupadas en Adefa solicitaron en esa mesa de negociaci\u00f3n como parte de \u00abmejora de la competitividad\u00bb,\u00a0el desarrollo de polivalencia entre puestos, flexibilidad en la contrataci\u00f3n de personal temporario o eventual, desarrollar un marco de tercerizaci\u00f3n de actividades y que el tiempo de comedor no integre la jornada de trabajo.<\/p>\n<h6>Fuente: P\u00e1gina 12<\/h6>\n","protected":false},"excerpt":{"rendered":"<p>En un acto en C\u00f3rdoba junto al gobernador Juan Schiaretti, el Presidente destac\u00f3 su decisi\u00f3n de \u00abno cambiar el rumbo\u00bb econ\u00f3mico\u00bb\u00a0y demostrar que \u00abde verdad este cambio lo sentimos y lo abrazamos\u00bb. <\/p>\n","protected":false},"author":2,"featured_media":79788,"comment_status":"closed","ping_status":"closed","sticky":false,"template":"","format":"standard","meta":{"footnotes":""},"categories":[8],"tags":[21],"class_list":["post-79787","post","type-post","status-publish","format-standard","has-post-thumbnail","hentry","category-informe-nacional","tag-argentina"],"_links":{"self":[{"href":"http:\/\/argentinamunicipal.com.ar\/argentina\/wp-json\/wp\/v2\/posts\/79787","targetHints":{"allow":["GET"]}}],"collection":[{"href":"http:\/\/argentinamunicipal.com.ar\/argentina\/wp-json\/wp\/v2\/posts"}],"about":[{"href":"http:\/\/argentinamunicipal.com.ar\/argentina\/wp-json\/wp\/v2\/types\/post"}],"author":[{"embeddable":true,"href":"http:\/\/argentinamunicipal.com.ar\/argentina\/wp-json\/wp\/v2\/users\/2"}],"replies":[{"embeddable":true,"href":"http:\/\/argentinamunicipal.com.ar\/argentina\/wp-json\/wp\/v2\/comments?post=79787"}],"version-history":[{"count":0,"href":"http:\/\/argentinamunicipal.com.ar\/argentina\/wp-json\/wp\/v2\/posts\/79787\/revisions"}],"wp:featuredmedia":[{"embeddable":true,"href":"http:\/\/argentinamunicipal.com.ar\/argentina\/wp-json\/wp\/v2\/media\/79788"}],"wp:attachment":[{"href":"http:\/\/argentinamunicipal.com.ar\/argentina\/wp-json\/wp\/v2\/media?parent=79787"}],"wp:term":[{"taxonomy":"category","embeddable":true,"href":"http:\/\/argentinamunicipal.com.ar\/argentina\/wp-json\/wp\/v2\/categories?post=79787"},{"taxonomy":"post_tag","embeddable":true,"href":"http:\/\/argentinamunicipal.com.ar\/argentina\/wp-json\/wp\/v2\/tags?post=79787"}],"curies":[{"name":"wp","href":"https:\/\/api.w.org\/{rel}","templated":true}]}}