{"id":79804,"date":"2018-07-31T06:30:31","date_gmt":"2018-07-31T09:30:31","guid":{"rendered":"http:\/\/argentinamunicipal.com.ar\/argentina\/?p=79804"},"modified":"2018-07-30T19:47:02","modified_gmt":"2018-07-30T22:47:02","slug":"79804-2","status":"publish","type":"post","link":"http:\/\/argentinamunicipal.com.ar\/argentina\/79804-2\/","title":{"rendered":"La Intendenta asegur\u00f3 que Naci\u00f3n no cumple con el compromiso que asumi\u00f3 con los rosarinos"},"content":{"rendered":"<p>La intendenta sali\u00f3 al cruce del ministro de Transporte de la Naci\u00f3n, Guillermo Dietrich, quien manifest\u00f3 que las obras del Movibus est\u00e1n paradas por cuestiones presupuestario y no hay planes para continuarlas.<\/p>\n<p>La intendenta M\u00f3nica Fein sum\u00f3 un nuevo cap\u00edtulo en el cruce con Naci\u00f3n por las inversiones en obras para Rosario. Lo hizo al responderle al ministro de Transporte de la Naci\u00f3n, Guillermo Dietrich, quien manifest\u00f3 que las obras del Movibus est\u00e1n paradas por cuestiones presupuestarias y que por ahora no est\u00e1 en los planes seguir adelante con ese proyecto.<\/p>\n<p>\u00abLo dijo p\u00fablicamente, y lo lamento, porque cuando inauguramos la primera parte del Movibus norte, uno de los temas que firmamos p\u00fablicamente fue que el gobierno nacional iba a prolongar esta obra\u00bb, asegur\u00f3 la mandataria rosarina. De esta manera, le respondi\u00f3 al funcionario nacional, quien la semana pasada se\u00f1al\u00f3 que el gobierno de Santa Fe \u00abadministra mal los recursos\u00bb en referencia a las demoras de las obras en el aeropuerto de Fisherton.<\/p>\n<p>Fein se\u00f1al\u00f3: \u00abFirmamos un acta p\u00fablica, y no la cumplieron. Creo que eso no es positivo en t\u00e9rminos de credibilidad. Consideramos que cuando alguien firma un acta p\u00fablica asume un compromiso con los ciudadanos\u00bb.<\/p>\n<p>Asimismo, afirm\u00f3 que las inversiones en obras que deber\u00edan aterrizar en Rosario se desv\u00edan hac\u00eda otras ciudades. \u00abLamentamos que hayan priorizado otras obras en Mor\u00f3n, Tres de Febrero y otros lugares -detall\u00f3-. Creemos que el pa\u00eds requiere que inversiones sean m\u00e1s federales. Pero bueno, seguiremos trabajando y viendo cu\u00e1ndo las obras se podr\u00e1n ejecutar en Rosario\u00bb.<\/p>\n<p>Ante la consulta sobre a qu\u00e9 le atribuye el hecho de que Naci\u00f3n priorice otras ciudades para realizar obras, Fein contest\u00f3: \u00abFundamentalmente porque creo que hay una gran inversi\u00f3n en Gran Buenos Aires y la zona Metropolitana\u00bb.<\/p>\n<p>La titular del Palacio de los Leones tambi\u00e9n dej\u00f3 en claro que tiene intenciones de reflotar el proyecto del tren de pasajeros que conecte Rosario con Buenos Aires. \u00abVamos a plantear que vuelvan a hablar del tren. Nosotros hicimos una inversi\u00f3n y este gobierno decidi\u00f3 invertir s\u00f3lo en un tren de cargas. Creo que ser\u00eda positivo tener un tren que en tres horas y media o cuatro cubra el trayecto con Buenos Aires\u00bb,coment\u00f3.<\/p>\n<p>Finalmente, se\u00f1al\u00f3: \u00abAdemas pedimos inversiones que muchas veces son financiadas por organismos internacionales. Vamos a seguir dialogando para ver si esto es posible, y no todos lo recursos se quedan en Capital y Gran Buenos Aires. Y concluy\u00f3: \u00abNo estamos pidiendo nada del otro mundo\u00bb.<\/p>\n<h6>Fuente: La capital<\/h6>\n","protected":false},"excerpt":{"rendered":"<p>La intendenta sali\u00f3 al cruce del ministro de Transporte de la Naci\u00f3n, Guillermo Dietrich, quien manifest\u00f3 que las obras del Movibus est\u00e1n paradas por cuestiones presupuestario y no hay planes para continuarlas.<\/p>\n","protected":false},"author":2,"featured_media":79805,"comment_status":"closed","ping_status":"closed","sticky":false,"template":"","format":"standard","meta":{"footnotes":""},"categories":[4],"tags":[10],"class_list":["post-79804","post","type-post","status-publish","format-standard","has-post-thumbnail","hentry","category-informe-politico","tag-santa-fe"],"_links":{"self":[{"href":"http:\/\/argentinamunicipal.com.ar\/argentina\/wp-json\/wp\/v2\/posts\/79804","targetHints":{"allow":["GET"]}}],"collection":[{"href":"http:\/\/argentinamunicipal.com.ar\/argentina\/wp-json\/wp\/v2\/posts"}],"about":[{"href":"http:\/\/argentinamunicipal.com.ar\/argentina\/wp-json\/wp\/v2\/types\/post"}],"author":[{"embeddable":true,"href":"http:\/\/argentinamunicipal.com.ar\/argentina\/wp-json\/wp\/v2\/users\/2"}],"replies":[{"embeddable":true,"href":"http:\/\/argentinamunicipal.com.ar\/argentina\/wp-json\/wp\/v2\/comments?post=79804"}],"version-history":[{"count":0,"href":"http:\/\/argentinamunicipal.com.ar\/argentina\/wp-json\/wp\/v2\/posts\/79804\/revisions"}],"wp:featuredmedia":[{"embeddable":true,"href":"http:\/\/argentinamunicipal.com.ar\/argentina\/wp-json\/wp\/v2\/media\/79805"}],"wp:attachment":[{"href":"http:\/\/argentinamunicipal.com.ar\/argentina\/wp-json\/wp\/v2\/media?parent=79804"}],"wp:term":[{"taxonomy":"category","embeddable":true,"href":"http:\/\/argentinamunicipal.com.ar\/argentina\/wp-json\/wp\/v2\/categories?post=79804"},{"taxonomy":"post_tag","embeddable":true,"href":"http:\/\/argentinamunicipal.com.ar\/argentina\/wp-json\/wp\/v2\/tags?post=79804"}],"curies":[{"name":"wp","href":"https:\/\/api.w.org\/{rel}","templated":true}]}}