{"id":79818,"date":"2018-07-31T06:55:31","date_gmt":"2018-07-31T09:55:31","guid":{"rendered":"http:\/\/argentinamunicipal.com.ar\/argentina\/?p=79818"},"modified":"2018-07-31T06:55:31","modified_gmt":"2018-07-31T09:55:31","slug":"un-corte-al-recorte","status":"publish","type":"post","link":"http:\/\/argentinamunicipal.com.ar\/argentina\/un-corte-al-recorte\/","title":{"rendered":"Un corte al recorte"},"content":{"rendered":"<p>Rebeli\u00f3n frente al decreto que recorta las asignaciones familiares a 570.000 chicos. Los diputados radicales patag\u00f3nicos rompieron el frente oficial y presentar\u00e1n un proyecto que lo frena, el peronismo se manifest\u00f3 en el mismo sentido, el gobernador de Chubut va a la Justicia y se convocan movilizaciones por toda la regi\u00f3n<br \/>\nPor\u00a0Miguel Jorquera<\/p>\n<p>El decreto del presidente Mauricio Macri que recorta las asignaciones familiares y elimina el plus de las zonas desfavorables, desat\u00f3 la rebeli\u00f3n de los radicales patag\u00f3nicos y hace crujir a la alianza oficialista Cambiemos. Diputados nacionales de la UCR de Chubut, Santa Cruz, R\u00edo Negro y La Pampa presentar\u00e1n esta semana en la C\u00e1mara baja un proyecto para reclamar que se restituya el beneficio que afecta a miles de trabajadores de la Patagonia y a la que podr\u00edan sumarse correligionarios de otras provincias. El decreto presidencial 702 del viernes pasado ya hab\u00eda provocado el fuerte rechazo de los legisladores del kirchnerista Frente para la Victoria (FpV-PJ) y tambi\u00e9n del peronismo federal de la Patagonia y el norte del pa\u00eds, zonas afectadas por el recorte que \u2013sostienen\u2013 viene de la mano del acuerdo con el Fondo monetario Internacional (FMI). El gobernador chubutense Mariano Arcioni presentar\u00e1 hoy un amparo judicial contra el recorte de las asignaciones y en Bariloche habr\u00e1 otro colectivo, al tiempo que las centrales sindicales promueven marchas de rechazo ante las oficinas de la Anses en distintas ciudades patag\u00f3nicas.<\/p>\n<p>El decreto presidencial sacudi\u00f3 la Patagonia y el temblor lleg\u00f3 hasta los propios socios de la alianza oficialista, en la que el radicalismo no comparte la decisi\u00f3n del Gobierno nacional de dar de baja los beneficios para la regi\u00f3n en las asignaciones familiares. Los diputados nacionales de la UCR Gustavo Menna (Chubut), Nadia Ricci y Roxana Reyes (Santa Cruz), Lorena Matzen (R\u00edo Negro) y Daniel Kroneberger (La Pampa), presentar\u00e1n un proyecto propio con el que presionar\u00e1n para dar marcha atr\u00e1s con la decisi\u00f3n.<\/p>\n<p>Entre los radicales consideran que en caso de mantenerse la medida la alianza oficialista corre peligro de extinci\u00f3n en las provincias patag\u00f3nicas. Por eso, los diputados de la UCR plasmaron su bronca en busca de provocar un cimbronazo en Cambiemos. La iniciativa se plasmar\u00e1 en un proyecto de declaraci\u00f3n para pedirle al Ejecutivo que \u201crestituya\u201d los montos diferenciales para la zona de las asignaciones familiares que suprime el decreto 702\/18. De todas maneras, los radicales patag\u00f3nicos buscar\u00e1n a lo largo de la semana el apoyo de sus correligionarios de todo el pa\u00eds.<\/p>\n<p>\u201cNo voy a avalar ninguna pol\u00edtica que signifique la p\u00e9rdida del poder adquisitivo para las familias rionegrinas\u201d, dijo la rionegrina Matzen que difundi\u00f3 la iniciativa en las redes sociales. Fue m\u00e1s lejos todav\u00eda en sus declaraciones: \u201cEste decreto es un avasallamiento a un derecho constitucional y no representa el esp\u00edritu de mi partido, as\u00ed como tampoco representa a la coalici\u00f3n a la cual pertenezco. Nosotros trabajamos todos los d\u00edas para que, respetando las particularidades y necesidades, haya cada vez m\u00e1s equidad\u201d.<\/p>\n<p>El chubutense Menna cuantific\u00f3 a los afectados patag\u00f3nico por el recorte: \u201cafectar\u00e1 a 68 mil beneficiarios\u201d. \u201cCompartimos el objetivo de sanear las finanzas p\u00fablicas y reducir el d\u00e9ficit, pero debe hallarse otro camino que contemple a los sectores m\u00e1s vulnerables y el desigual desarrollo geogr\u00e1fico de nuestro pa\u00eds\u201d, sum\u00f3 Menna en sinton\u00eda con el documento que dio a conocer la conducci\u00f3n de la UCR en su provincia.<\/p>\n<p>En el mismo sentido se pronunci\u00f3 la santacruce\u00f1a Reyes: \u201cEsta decisi\u00f3n significa desconocer las diferencias que sobrellevan quienes habitan las provincias patag\u00f3nicas donde el costo de vida es m\u00e1s alto y la calidad de vida es adversa por factores clim\u00e1ticos y geogr\u00e1ficos\u201d.<\/p>\n<p>El senador radical y empresario Eduardo Costa estuvo entre los primeros en salir al cruce del decreto. \u201cNo podemos permitir que el ajuste sea realizado sobre los sectores m\u00e1s vulnerables y sin contemplar las desigualdades provinciales de nuestro pa\u00eds. Por eso pedimos al Gobierno Nacional que revise y deje sin efecto lo resuelto\u201d, dijo Costa frente a la poda presidencial que podr\u00eda echar por tierra su aspiraci\u00f3n de llegar a la gobernaci\u00f3n de Santa Cruz. Decisiones que hacen crujir Cambiemos en la Patagonia.<\/p>\n<p>La regi\u00f3n est\u00e1 convulsionada. Los opositores al Gobierno nacional fueron los primeros en cuestionar la decisi\u00f3n de Macri. Las cr\u00edticas repercutieron en el Congreso, donde el peronismo \u201cdialoguista\u201d prometi\u00f3 \u201ctrabajar\u201d para derogar el decreto. \u201cCon esta decisi\u00f3n falsamente igualitaria, el gobierno del presidente Mauricio Macri demuestra tener una visi\u00f3n centralista y exclusivamente metropolitana en lo que hace a la distribuci\u00f3n de los recursos. Esta medida es contraria a todo idea de equidad\u201d, sostuvieron en un comunicado el rionegrino Miguel Pichetto y el fueguino Jos\u00e9 Ojeda.<\/p>\n<p>\u201cHay una tremenda hipocres\u00eda de los funcionarios de Cambiemos que hablan de la pobreza en el Conurbano para justificar este manotazo a los bolsillos de los patag\u00f3nicos, al mismo tiempo que reducen retenciones a la soja y fomentan la bicicleta financiera y la fuga de divisas sin control\u201d, sum\u00f3 otro peronista federal, el chubutense Mario Pais, quien advirti\u00f3 que los gobernadores no se quedar\u00e1n de brazos cruzados.<\/p>\n<p>El mandatario de Chubut recurri\u00f3 a la justicia contra los recortes. \u201cEn estos momentos estamos presentado ante la justicia la inconstitucionalidad en los aumentos del gas y ma\u00f1ana presentaremos una acci\u00f3n de amparo con respecto a las Asignaciones Familiares\u201d, remarc\u00f3 ayer Arcioni en Trelew. \u201cSeg\u00fan el informe que hemos pedido, son m\u00e1s de 100 mil chicos que van a estar afectados y justamente para la provincia del Chubut va a implicar una p\u00e9rdida de 190 millones y, por ejemplo, en la ciudad de Trelew una p\u00e9rdida de 12 millones de pesos mensuales, es una liquidez que no s\u00f3lo afecta al bolsillo de cada una de las familia sino tambi\u00e9n a toda la econom\u00eda\u201d, explic\u00f3 el gobernador.<\/p>\n<p>Pero esta no ser\u00e1 la \u00fanica presentaci\u00f3n judicial. La asociaci\u00f3n especializada en temas de ni\u00f1ez y adolescencia Construyendo Proyectos Barriales (Conprobar) de Bariloche que preside Adriana Haurie, presentar\u00e1 hoy un recurso de amparo colectivo y una medida cautelar con el prop\u00f3sito de dejar sin efecto el decreto presidencial 720\/18 que recorta las asignaciones familiares de los trabajadores de la Patagonia y otros puntos del pa\u00eds. \u201cAtenta contra las ni\u00f1as y ni\u00f1os rionegrinos hijos de trabajadores y significa un ajuste a todas luces ilegal e inaceptable\u201d, \u00a0sostuvieron el diputado Mart\u00edn Do\u00f1ate (FpV-PJ) y la concejal local Ana Marks que respaldan la acci\u00f3n judicial.<\/p>\n<p>Los sindicatos patag\u00f3nicos, en tanto, decidieron salir a la calle. Hoy por la ma\u00f1ana distintos gremios y organizaciones sociales se concentrar\u00e1n en las puertas de la sede Anses en Comodoro Rivadavia para reclamar contra el decreto que recorta el 53 por ciento a las asignaciones familiares en la Patagonia. \u201cLa presencia fuera de Anses es simb\u00f3lica, tratamos que el mensaje de rechazo llegu\u00e9 al gobierno nacional. Esta convocatoria la hicimos junto a otras organizaciones y all\u00ed se definir\u00e1 como desarrollar el acto\u201d, dijo el dirigente de Atech \u2013docentes chubutenses\u2013 Daniel Murphy. \u00a0Lo mismos suceder\u00e1 en la santacruce\u00f1a Caleta Olivia, donde la CGT local llam\u00f3 a movilizarse frente a la Anses contra \u201cel ajuste patag\u00f3nico\u201d bajo el lema \u201cnos defendemos entre todos\u201d.<\/p>\n<p>La creciente rebeld\u00eda patag\u00f3nica amenaza tambi\u00e9n con extenderse al norte argentino, tambi\u00e9n perjudicado por el decreto presidencial. \u201cEl gobierno de Cambiemos, siguiendo instrucciones del FMI, pretende recortar asignaciones familiares en zonas del interior de la Argentina perif\u00e9rica llevando m\u00e1s angustia y sufrimiento a los argentinos\u201d, sostuvo el diputado del peronismo federal juje\u00f1o Jos\u00e9 Luis Martiarena que llam\u00f3 a \u201cpromover la derogaci\u00f3n del decretazo de Macri\u201d.<\/p>\n<h6>Fuente: P\u00e1gina 12<\/h6>\n","protected":false},"excerpt":{"rendered":"<p>Rebeli\u00f3n frente al decreto que recorta las asignaciones familiares a 570.000 chicos. <\/p>\n","protected":false},"author":2,"featured_media":79819,"comment_status":"closed","ping_status":"closed","sticky":false,"template":"","format":"standard","meta":{"footnotes":""},"categories":[8],"tags":[21],"class_list":["post-79818","post","type-post","status-publish","format-standard","has-post-thumbnail","hentry","category-informe-nacional","tag-argentina"],"_links":{"self":[{"href":"http:\/\/argentinamunicipal.com.ar\/argentina\/wp-json\/wp\/v2\/posts\/79818","targetHints":{"allow":["GET"]}}],"collection":[{"href":"http:\/\/argentinamunicipal.com.ar\/argentina\/wp-json\/wp\/v2\/posts"}],"about":[{"href":"http:\/\/argentinamunicipal.com.ar\/argentina\/wp-json\/wp\/v2\/types\/post"}],"author":[{"embeddable":true,"href":"http:\/\/argentinamunicipal.com.ar\/argentina\/wp-json\/wp\/v2\/users\/2"}],"replies":[{"embeddable":true,"href":"http:\/\/argentinamunicipal.com.ar\/argentina\/wp-json\/wp\/v2\/comments?post=79818"}],"version-history":[{"count":0,"href":"http:\/\/argentinamunicipal.com.ar\/argentina\/wp-json\/wp\/v2\/posts\/79818\/revisions"}],"wp:featuredmedia":[{"embeddable":true,"href":"http:\/\/argentinamunicipal.com.ar\/argentina\/wp-json\/wp\/v2\/media\/79819"}],"wp:attachment":[{"href":"http:\/\/argentinamunicipal.com.ar\/argentina\/wp-json\/wp\/v2\/media?parent=79818"}],"wp:term":[{"taxonomy":"category","embeddable":true,"href":"http:\/\/argentinamunicipal.com.ar\/argentina\/wp-json\/wp\/v2\/categories?post=79818"},{"taxonomy":"post_tag","embeddable":true,"href":"http:\/\/argentinamunicipal.com.ar\/argentina\/wp-json\/wp\/v2\/tags?post=79818"}],"curies":[{"name":"wp","href":"https:\/\/api.w.org\/{rel}","templated":true}]}}