{"id":79845,"date":"2018-07-31T07:41:23","date_gmt":"2018-07-31T10:41:23","guid":{"rendered":"http:\/\/argentinamunicipal.com.ar\/argentina\/?p=79845"},"modified":"2018-07-31T07:41:23","modified_gmt":"2018-07-31T10:41:23","slug":"79845-2","status":"publish","type":"post","link":"http:\/\/argentinamunicipal.com.ar\/argentina\/79845-2\/","title":{"rendered":"Todos los d\u00edas 100 millones menos"},"content":{"rendered":"<p>El d\u00f3lar cerr\u00f3 ayer en 28,03 pesos, con un retroceso de 1 centavo, con lo cual alcanz\u00f3 su valor m\u00ednimo en dos semanas. El Banco Central volvi\u00f3 a subastar los 100 millones de d\u00f3lares diarios del pr\u00e9stamo del Fondo Monetario y las reservas internacionales finalizaron en 58.084 millones, al disminuir en 11 millones. El clima financiero internacional fue vol\u00e1til y la bolsa porte\u00f1a registr\u00f3 un descenso del 0,1 por ciento, en donde se destac\u00f3 el retroceso de las acciones bancarias. El riesgo pa\u00eds, en tanto, se ubic\u00f3 en 551 puntos b\u00e1sicos, al disminuir en 5 unidades.<\/p>\n<p>La deuda argentina, no obstante, sigue generando preocupaci\u00f3n entre los inversores. La Fundaci\u00f3n Germ\u00e1n Abdala difundi\u00f3 ayer un informe en el que indica que el peso de los intereses de la deuda p\u00fablica sobre el presupuesto se duplic\u00f3 en los \u00faltimos dos a\u00f1os y medio. El ratio pas\u00f3 de 8 al 16 por ciento del total de las partidas, tal como anticip\u00f3 este diario la semana pasada.<\/p>\n<p>\u201cLa apertura irrestricta del mercado de cambio al comienzo de la gesti\u00f3n de Mauricio Macri expuso a la econom\u00eda a un panorama externo incierto e inestable\u201d, indic\u00f3 el documento. Apunt\u00f3 que se intent\u00f3 compensar la fuga de capitales con un acelerado proceso de endeudamiento, el cual provoc\u00f3 la suba de la presi\u00f3n de los intereses sobre el presupuesto. La Fundaci\u00f3n Germ\u00e1n Abdala explic\u00f3 que el pago de deuda ya representa el segundo concepto de mayor gasto estatal, tras la seguridad social.<\/p>\n<p>En lo que refiere al clima financiero internacional, la semana empez\u00f3 con volatilidad en los mercados globales. \u201cPara el caso de Wall Street, los \u00edndices principales cerraron en terreno negativo con descensos de 0,6 por ciento, 0,6 y 1,4 para el Dow Jones, S&amp;P500 \u00a0y Nasdaq. Siguiendo por el viejo continente, las plazas burs\u00e1tiles replicaron la tendencia de los \u00edndices norteamericanos y finalizaron con bajas moderadas de hasta 0,5 por ciento. Como dato adicional, el \u00edndice de volatilidad VIX se coloc\u00f3 en los 14,2 puntos, reflejando un ascenso de 9,3 por ciento en la rueda\u201d, mencion\u00f3 un informe de la agencia de inversi\u00f3n Portfolio Personal.<\/p>\n<p>La tasa de inter\u00e9s de Estados Unidos a 10 a\u00f1os cerr\u00f3 en 2,97 por ciento, con la suba de un punto b\u00e1sico. La reuni\u00f3n de la Reserva Federal de esta semana no genera sorpresa entre inversores, que consideran que en esta oportunidad no subir\u00e1 la tasa de inter\u00e9s. En cambio, suponen que aplicar\u00e1 dos subas antes de fin de a\u00f1o en septiembre y diciembre. La econom\u00eda norteamericana crece a las tasas m\u00e1s elevadas de los \u00faltimos a\u00f1os y las perspectivas de inflaci\u00f3n indican que los precios pasar\u00e1n del 2,5 al 3,0 por ciento interanual para fin de este a\u00f1o. La suba de las tasas en Estados Unidos genera fuertes desaf\u00edos para pa\u00edses emergentes, debido al alza del costo del financiamiento.<\/p>\n<p>En lo que refiere al precio de las materias primas, se destac\u00f3 ayer el avance del 2,1 por ciento del barril de petr\u00f3leo, el cual cerr\u00f3 en 70,1 por ciento. Sobresali\u00f3 tambi\u00e9n el incremento de la soja (0,5 por ciento), el ma\u00edz (1,5 por ciento) y el trigo (3,1 por ciento).<\/p>\n<h6>Fuente: P\u00e1gina 12<\/h6>\n","protected":false},"excerpt":{"rendered":"<p>El d\u00f3lar cerr\u00f3 ayer en 28,03 pesos, con un retroceso de 1 centavo, con lo cual alcanz\u00f3 su valor m\u00ednimo en dos semanas. <\/p>\n","protected":false},"author":2,"featured_media":79846,"comment_status":"closed","ping_status":"closed","sticky":false,"template":"","format":"standard","meta":{"footnotes":""},"categories":[8],"tags":[21],"class_list":["post-79845","post","type-post","status-publish","format-standard","has-post-thumbnail","hentry","category-informe-nacional","tag-argentina"],"_links":{"self":[{"href":"http:\/\/argentinamunicipal.com.ar\/argentina\/wp-json\/wp\/v2\/posts\/79845","targetHints":{"allow":["GET"]}}],"collection":[{"href":"http:\/\/argentinamunicipal.com.ar\/argentina\/wp-json\/wp\/v2\/posts"}],"about":[{"href":"http:\/\/argentinamunicipal.com.ar\/argentina\/wp-json\/wp\/v2\/types\/post"}],"author":[{"embeddable":true,"href":"http:\/\/argentinamunicipal.com.ar\/argentina\/wp-json\/wp\/v2\/users\/2"}],"replies":[{"embeddable":true,"href":"http:\/\/argentinamunicipal.com.ar\/argentina\/wp-json\/wp\/v2\/comments?post=79845"}],"version-history":[{"count":0,"href":"http:\/\/argentinamunicipal.com.ar\/argentina\/wp-json\/wp\/v2\/posts\/79845\/revisions"}],"wp:featuredmedia":[{"embeddable":true,"href":"http:\/\/argentinamunicipal.com.ar\/argentina\/wp-json\/wp\/v2\/media\/79846"}],"wp:attachment":[{"href":"http:\/\/argentinamunicipal.com.ar\/argentina\/wp-json\/wp\/v2\/media?parent=79845"}],"wp:term":[{"taxonomy":"category","embeddable":true,"href":"http:\/\/argentinamunicipal.com.ar\/argentina\/wp-json\/wp\/v2\/categories?post=79845"},{"taxonomy":"post_tag","embeddable":true,"href":"http:\/\/argentinamunicipal.com.ar\/argentina\/wp-json\/wp\/v2\/tags?post=79845"}],"curies":[{"name":"wp","href":"https:\/\/api.w.org\/{rel}","templated":true}]}}