{"id":79867,"date":"2018-08-01T07:20:36","date_gmt":"2018-08-01T10:20:36","guid":{"rendered":"http:\/\/argentinamunicipal.com.ar\/argentina\/?p=79867"},"modified":"2018-08-01T07:20:36","modified_gmt":"2018-08-01T10:20:36","slug":"los-salarios-pierden-contra-la-inflacion","status":"publish","type":"post","link":"http:\/\/argentinamunicipal.com.ar\/argentina\/los-salarios-pierden-contra-la-inflacion\/","title":{"rendered":"Los salarios pierden contra la inflaci\u00f3n"},"content":{"rendered":"<p>Los salarios mejoraron 1,5 por ciento en promedio en mayo \u00faltimo respecto de abril y acumularon un alza del 8,3 por ciento en los primeros cinco meses del a\u00f1o y del 24 por ciento en forma interanual. Un incremento que estuvo por debajo de la evoluci\u00f3n de precios del mismo per\u00edodo.<\/p>\n<p>Los salarios mejoraron 1,5 por ciento en promedio en mayo \u00faltimo respecto de abril y acumularon un alza del 8,3 por ciento en los primeros cinco meses del a\u00f1o y del 24 por ciento en forma interanual. Un incremento que estuvo por debajo de la evoluci\u00f3n de precios del mismo per\u00edodo.<\/p>\n<p>La inflaci\u00f3n de mayo hab\u00eda sido del 2,1 por ciento y en los primeros cincos meses acumul\u00f3 11,9 por ciento.<\/p>\n<p>Seg\u00fan el Indice de Salarios difundi\u00f3 ayer por el Instituto Nacional de Estad\u00edstica y Censos (Indec), las remuneraciones en el sector p\u00fablico mejoraron 1,6 por ciento y los del sector formal de la econom\u00eda 2,5 por ciento. En tanto, los sueldos en negro cayeron 0,9 por ciento en mayo respecto de abril.<\/p>\n<p>En las comparaciones, los salarios perdieron entre dos y tres puntos porcentuales respecto del alza del costo de vida, porque en muchos casos no comenzaron a regir las paritarias, que en su mayor\u00eda rigen desde junio.<\/p>\n<p>La inflaci\u00f3n de mayo fue del 2,1 por ciento mientras que los salarios mejoraron en ese mes un 1,5 por ciento.<\/p>\n<p>En los primeros cinco meses del a\u00f1o el alza del costo de vida, seg\u00fan el Indec, fue del 11,9 por ciento, mientras que los salarios recuperaron en ese per\u00edodo un 8,3 por ciento.<\/p>\n<p>En la comparaci\u00f3n de los \u00faltimos doce mes, mientras los salarios aumentaron un 24 por ciento los precios crecieron en ese plazo un 26,3 por ciento, de acuerdo con las cifras del organismo.<\/p>\n<p>Seg\u00fan el informe del organismo estad\u00edstico, los salarios del sector privado registrado acumulan un aumento del 10,3 por ciento desde diciembre pasado y na mejora del 25,4 por ciento desde mayo del 2017.<\/p>\n<p>En el sector p\u00fablico, el nivel de remuneraciones mejora 7,2 por ciento entre enero y mayo pasados, y en forma interanual la recomposici\u00f3n de los sueldos alcanza al 24,2 por ciento.<\/p>\n<p>Los sueldos que m\u00e1s pierden frente a la inflaci\u00f3n de precios son los de la econom\u00eda informal ya que las remuneraciones crecen 5,2 por ciento de diciembre a mayo de este a\u00f1o, y 23,3 por ciento en los \u00faltimos doce meses.<\/p>\n<p>Despidos<\/p>\n<p>Adem\u00e1s de la reducci\u00f3n salarial en t\u00e9rminos reales, el desempleo golpea a la clase trabajadora. En la regi\u00f3n, el pasado viefnes se venci\u00f3 el plazo de conciliaci\u00f3n obligatoria en la empresa Dow Dupont, que despidi\u00f3 a 22 trabajadores. El pasado viernes venci\u00f3 el plazo de conciliaci\u00f3n obligatoria y, en ese marco, la firma anunci\u00f3 la activaci\u00f3n de un plan de retiros.<\/p>\n<h6>Fuente: La Capital<\/h6>\n","protected":false},"excerpt":{"rendered":"<p>Los salarios mejoraron 1,5 por ciento en promedio en mayo \u00faltimo respecto de abril y acumularon un alza del 8,3 por ciento en los primeros cinco meses del a\u00f1o y del 24 por ciento en forma interanual. Un incremento que estuvo por debajo de la evoluci\u00f3n de precios del mismo per\u00edodo.<\/p>\n","protected":false},"author":2,"featured_media":79868,"comment_status":"closed","ping_status":"closed","sticky":false,"template":"","format":"standard","meta":{"footnotes":""},"categories":[8],"tags":[21],"class_list":["post-79867","post","type-post","status-publish","format-standard","has-post-thumbnail","hentry","category-informe-nacional","tag-argentina"],"_links":{"self":[{"href":"http:\/\/argentinamunicipal.com.ar\/argentina\/wp-json\/wp\/v2\/posts\/79867","targetHints":{"allow":["GET"]}}],"collection":[{"href":"http:\/\/argentinamunicipal.com.ar\/argentina\/wp-json\/wp\/v2\/posts"}],"about":[{"href":"http:\/\/argentinamunicipal.com.ar\/argentina\/wp-json\/wp\/v2\/types\/post"}],"author":[{"embeddable":true,"href":"http:\/\/argentinamunicipal.com.ar\/argentina\/wp-json\/wp\/v2\/users\/2"}],"replies":[{"embeddable":true,"href":"http:\/\/argentinamunicipal.com.ar\/argentina\/wp-json\/wp\/v2\/comments?post=79867"}],"version-history":[{"count":0,"href":"http:\/\/argentinamunicipal.com.ar\/argentina\/wp-json\/wp\/v2\/posts\/79867\/revisions"}],"wp:featuredmedia":[{"embeddable":true,"href":"http:\/\/argentinamunicipal.com.ar\/argentina\/wp-json\/wp\/v2\/media\/79868"}],"wp:attachment":[{"href":"http:\/\/argentinamunicipal.com.ar\/argentina\/wp-json\/wp\/v2\/media?parent=79867"}],"wp:term":[{"taxonomy":"category","embeddable":true,"href":"http:\/\/argentinamunicipal.com.ar\/argentina\/wp-json\/wp\/v2\/categories?post=79867"},{"taxonomy":"post_tag","embeddable":true,"href":"http:\/\/argentinamunicipal.com.ar\/argentina\/wp-json\/wp\/v2\/tags?post=79867"}],"curies":[{"name":"wp","href":"https:\/\/api.w.org\/{rel}","templated":true}]}}