{"id":79898,"date":"2018-08-02T05:38:51","date_gmt":"2018-08-02T08:38:51","guid":{"rendered":"http:\/\/argentinamunicipal.com.ar\/argentina\/?p=79898"},"modified":"2018-08-01T18:43:46","modified_gmt":"2018-08-01T21:43:46","slug":"la-muni-de-neuquen-hara-su-mudanza-al-oeste-a-principios-de-2019","status":"publish","type":"post","link":"http:\/\/argentinamunicipal.com.ar\/argentina\/la-muni-de-neuquen-hara-su-mudanza-al-oeste-a-principios-de-2019\/","title":{"rendered":"La Muni de Neuqu\u00e9n har\u00e1 su mudanza al oeste a principios de 2019"},"content":{"rendered":"<p>Las primeras \u00e1reas que se instalar\u00e1n ser\u00e1n las de Desarrollo y Servicios.<\/p>\n<p>La Municipalidad de Neuqu\u00e9n comenzar\u00e1 a mudar sus dependencias al nuevo edificio de la zona oeste a comienzos del a\u00f1o que viene, seg\u00fan se indic\u00f3 desde el propio Ejecutivo de la ciudad.<\/p>\n<p>La obra, en su primera etapa, quedar\u00e1 terminada en diciembre. All\u00ed se licitar\u00e1 el mobiliario y luego de eso, una vez que el lugar est\u00e9 en condiciones, se iniciar\u00e1 el traslado de oficinas. Las primeras \u00e1reas que se instalar\u00e1n ser\u00e1n las de Desarrollo Humano y Servicios Urbanos. La idea es que todas las secretar\u00edas funcionen en el nuevo palacio municipal, del que se habilitar\u00e1 primero el edificio de planta baja y luego una torre anexa de cuatro pisos, donde se ir\u00e1n asentando la totalidad de las secretar\u00edas.<\/p>\n<p>El municipio ya hizo el llamado a licitaci\u00f3n de la cuarta etapa de la obra, que involucra a la torre. \u201cTendr\u00e1n prioridad Atenci\u00f3n al Ciudadano, Tierras y Desarrollo Humano, es lo primero que va a funcionar en el oeste\u201d, se\u00f1al\u00f3 el secretario de Coordinaci\u00f3n del Municipio, Marcelo Berm\u00fadez.<\/p>\n<p>El edificio de la Municipalidad que se construye en el Oeste tendr\u00e1 una inversi\u00f3n de $90 millones el a\u00f1o que viene.<br \/>\nPor su parte, la subsecretaria de\u00a0Obras\u00a0P\u00fablicas, Mariel Bruno, dijo que la obra civil de la planta baja estar\u00e1 terminada en diciembre. Respecto de la torre, lo pr\u00f3ximo ser\u00e1 ejecutar toda la superestructura, que incluir\u00e1 el cerramiento y la terminaci\u00f3n interior con el revoque. Se construir\u00e1 bajo los principios de un edificio sustentable, que tendr\u00e1 energ\u00eda solar a trav\u00e9s de paneles en espacios comunes, pasillos y la iluminaci\u00f3n perimetral, como tambi\u00e9n el tratamiento de aguas grises y de aguas negras. No est\u00e1n incluidos en esta etapa los pisos y separaci\u00f3n de interiores. Por fuera, y al mismo tiempo, se har\u00e1n tareas en el predio para permitir la reubicaci\u00f3n de dep\u00f3sitos, estacionamientos y galpones.<\/p>\n<p>450 d\u00edas tiene como plazo de ejecuci\u00f3n la cuarta etapa de la obra<\/p>\n<p>Ya se hizo el llamado a licitaci\u00f3n. Los trabajos comprenden la parte gruesa de la construcci\u00f3n de la torre de cuatro pisos anexa a la planta baja del edificio.<\/p>\n<h6>Fuente: La Ma\u00f1ana Neuqu\u00e9n<\/h6>\n","protected":false},"excerpt":{"rendered":"<p>Las primeras \u00e1reas que se instalar\u00e1n ser\u00e1n las de Desarrollo y Servicios.<\/p>\n","protected":false},"author":2,"featured_media":79899,"comment_status":"closed","ping_status":"closed","sticky":false,"template":"","format":"standard","meta":{"footnotes":""},"categories":[2],"tags":[23],"class_list":["post-79898","post","type-post","status-publish","format-standard","has-post-thumbnail","hentry","category-informe-municipal","tag-neuquen"],"_links":{"self":[{"href":"http:\/\/argentinamunicipal.com.ar\/argentina\/wp-json\/wp\/v2\/posts\/79898","targetHints":{"allow":["GET"]}}],"collection":[{"href":"http:\/\/argentinamunicipal.com.ar\/argentina\/wp-json\/wp\/v2\/posts"}],"about":[{"href":"http:\/\/argentinamunicipal.com.ar\/argentina\/wp-json\/wp\/v2\/types\/post"}],"author":[{"embeddable":true,"href":"http:\/\/argentinamunicipal.com.ar\/argentina\/wp-json\/wp\/v2\/users\/2"}],"replies":[{"embeddable":true,"href":"http:\/\/argentinamunicipal.com.ar\/argentina\/wp-json\/wp\/v2\/comments?post=79898"}],"version-history":[{"count":0,"href":"http:\/\/argentinamunicipal.com.ar\/argentina\/wp-json\/wp\/v2\/posts\/79898\/revisions"}],"wp:featuredmedia":[{"embeddable":true,"href":"http:\/\/argentinamunicipal.com.ar\/argentina\/wp-json\/wp\/v2\/media\/79899"}],"wp:attachment":[{"href":"http:\/\/argentinamunicipal.com.ar\/argentina\/wp-json\/wp\/v2\/media?parent=79898"}],"wp:term":[{"taxonomy":"category","embeddable":true,"href":"http:\/\/argentinamunicipal.com.ar\/argentina\/wp-json\/wp\/v2\/categories?post=79898"},{"taxonomy":"post_tag","embeddable":true,"href":"http:\/\/argentinamunicipal.com.ar\/argentina\/wp-json\/wp\/v2\/tags?post=79898"}],"curies":[{"name":"wp","href":"https:\/\/api.w.org\/{rel}","templated":true}]}}