{"id":79904,"date":"2018-08-01T18:50:34","date_gmt":"2018-08-01T21:50:34","guid":{"rendered":"http:\/\/argentinamunicipal.com.ar\/argentina\/?p=79904"},"modified":"2018-08-01T18:50:34","modified_gmt":"2018-08-01T21:50:34","slug":"poner-al-estado-al-servicio-del-trabajo","status":"publish","type":"post","link":"http:\/\/argentinamunicipal.com.ar\/argentina\/poner-al-estado-al-servicio-del-trabajo\/","title":{"rendered":"Poner al Estado al servicio del trabajo"},"content":{"rendered":"<p>Otra vez se pretende enga\u00f1ar a los santafesinos y santafesinas. No es cierto que hoy la provincia de Santa Fe reciba m\u00e1s recursos que los que recibi\u00f3 entre los a\u00f1os 2003 y 2015. Federico Angelini, diputado nacional de Cambiemos, dice que Santa Fe recibe m\u00e1s ahora porque toma n\u00fameros sin tener en cuenta el proceso inflacionario y el contexto general de ajuste de la econom\u00eda. Lo cierto es que la reducci\u00f3n de ingresos a nivel nacional entre 2015 y 2017 fue de 18 por ciento y con una merma en sus gastos del 4 por ciento, lo que ha incrementado el d\u00e9ficit primario un 118 por ciento y el d\u00e9ficit total del estado nacional un 72 por ciento.<\/p>\n<p>Igual que el resto de las provincias, durante los gobiernos de N\u00e9stor Kirchner y Cristina Fern\u00e1ndez de Kirchner, Santa Fe vio incrementarse en forma constante sus recursos de origen nacional. Y esto fue por una pol\u00edtica de crecimiento de la demanda e ingresos que ampliaba la base tributaria, junto con una pol\u00edtica fiscal que increment\u00f3 los recursos con un car\u00e1cter progresivo, especialmente sobre sectores de mayores ingresos en impuestos patrimoniales y retenciones, que actualmente se est\u00e1n eliminando y minando la base tributaria.<\/p>\n<p>Por dichas reducciones de impuestos, el actual gobierno nacional est\u00e1 apelando a producir ajustes en sus gastos e induciendo ajustes en las provincias.<\/p>\n<p>Todo este verdadero desastre administrativo provoca un mayor d\u00e9ficit, la necesidad de ajustes en las provincias y recurrir al FMI como \u00faltima instancia, pese a que todos sabemos que es un salvavidas de plomo.<\/p>\n<p>Santa Fe desde 2003 a 2015 no fue perjudicada. Por el contrario, las pol\u00edticas expansivas y no contractivas incrementaron constantemente sus ingresos, tanto en la administraci\u00f3n provincial justicialista como posteriormente con los gobiernos socialistas. Si llevamos a valores constantes los recursos recibidos de origen nacional podremos ver que en el per\u00edodo 2003-2007 los mismos se incrementaron un 70 por ciento, entre 2007 y 2011 un 26 por ciento y entre 2011 y 2015 otro 19 por ciento.<\/p>\n<p>No es mintiendo y dibujando n\u00fameros, como hace Angelini, que se van a solucionar los muy evidente problemas de los santafesinos y santafesinas. Tampoco va a haber respuestas del actual gobierno provincial, que termina avalando con su inacci\u00f3n el ajuste macrista que provoca desindustrializaci\u00f3n, que golpea con los tarifazos, que deprime el mercado interno y que destruye la educaci\u00f3n, la ciencia y tecnolog\u00eda. Hay que recordar, a modo de ejemplo, que en la provincia de Santa Fe se iban a construir cinco jardines de infantes y no se hizo ninguno; y que se cort\u00f3 la entrega de computadoras a los estudiantes como se hac\u00eda con el programa Conectar Igualdad.<\/p>\n<p>Lo que necesitamos es cuidar nuestra producci\u00f3n, nuestra industria, nuestros comercios y empresas de servicio, reinstalando un proyecto de desarrollo productivo que deje de lado las recetas de los sectores financieros y vuelva a poner al Estado al servicio del trabajo. Hay que decirle la verdad a la gente; y prepararse para gobernar cuidando al pueblo en cada decisi\u00f3n que se tome.<\/p>\n<p>Por\u00a0Marcos Cleri *<\/p>\n<p>*\u00a0Diputado nacional por Santa Fe.<\/p>\n<h6>Fuente: P\u00e1gina 12<\/h6>\n","protected":false},"excerpt":{"rendered":"<p>Otra vez se pretende enga\u00f1ar a los santafesinos y santafesinas. No es cierto que hoy la provincia de Santa Fe reciba m\u00e1s recursos que los que recibi\u00f3 entre los a\u00f1os 2003 y 2015.<\/p>\n","protected":false},"author":2,"featured_media":79905,"comment_status":"closed","ping_status":"closed","sticky":false,"template":"","format":"standard","meta":{"footnotes":""},"categories":[6],"tags":[21],"class_list":["post-79904","post","type-post","status-publish","format-standard","has-post-thumbnail","hentry","category-opiniones","tag-argentina"],"_links":{"self":[{"href":"http:\/\/argentinamunicipal.com.ar\/argentina\/wp-json\/wp\/v2\/posts\/79904","targetHints":{"allow":["GET"]}}],"collection":[{"href":"http:\/\/argentinamunicipal.com.ar\/argentina\/wp-json\/wp\/v2\/posts"}],"about":[{"href":"http:\/\/argentinamunicipal.com.ar\/argentina\/wp-json\/wp\/v2\/types\/post"}],"author":[{"embeddable":true,"href":"http:\/\/argentinamunicipal.com.ar\/argentina\/wp-json\/wp\/v2\/users\/2"}],"replies":[{"embeddable":true,"href":"http:\/\/argentinamunicipal.com.ar\/argentina\/wp-json\/wp\/v2\/comments?post=79904"}],"version-history":[{"count":0,"href":"http:\/\/argentinamunicipal.com.ar\/argentina\/wp-json\/wp\/v2\/posts\/79904\/revisions"}],"wp:featuredmedia":[{"embeddable":true,"href":"http:\/\/argentinamunicipal.com.ar\/argentina\/wp-json\/wp\/v2\/media\/79905"}],"wp:attachment":[{"href":"http:\/\/argentinamunicipal.com.ar\/argentina\/wp-json\/wp\/v2\/media?parent=79904"}],"wp:term":[{"taxonomy":"category","embeddable":true,"href":"http:\/\/argentinamunicipal.com.ar\/argentina\/wp-json\/wp\/v2\/categories?post=79904"},{"taxonomy":"post_tag","embeddable":true,"href":"http:\/\/argentinamunicipal.com.ar\/argentina\/wp-json\/wp\/v2\/tags?post=79904"}],"curies":[{"name":"wp","href":"https:\/\/api.w.org\/{rel}","templated":true}]}}