{"id":79913,"date":"2018-08-02T06:08:44","date_gmt":"2018-08-02T09:08:44","guid":{"rendered":"http:\/\/argentinamunicipal.com.ar\/argentina\/?p=79913"},"modified":"2018-08-01T19:12:07","modified_gmt":"2018-08-01T22:12:07","slug":"anti-ajuste-avellaneda-entregara-bicis-de-industria-nacional-a-chicos-de-primaria","status":"publish","type":"post","link":"http:\/\/argentinamunicipal.com.ar\/argentina\/anti-ajuste-avellaneda-entregara-bicis-de-industria-nacional-a-chicos-de-primaria\/","title":{"rendered":"Anti ajuste: Avellaneda entregar\u00e1 bicis de industria nacional a chicos de primaria"},"content":{"rendered":"<p>El municipio del sur del conurbano bonaerense comenzar\u00e1 a repartirlas el pr\u00f3ximo s\u00e1bado a todos los alumnos de primer a sexto grado. Adem\u00e1s de promover un h\u00e1bito saludable y barato, la medida gener\u00f3 trabajo ya que las bicicletas son de fabricaci\u00f3n argentina.<\/p>\n<p>En un contexto en que el gobierno nacional recorta el denominado \u00abgasto social\u00bb y lleva al l\u00edmite la resistencia de las Pymes, la ciudad bonaerense de\u00a0Avellaneda lanzar\u00e1 una iniciativa que desaf\u00eda el discurso oficial sobre que el ajuste es el \u00fanico camino posible.<\/p>\n<p>Bajo el nombre \u00abTu primera bici\u00bb, el municipio que preside Jorge Ferraresi\u00a0entregar\u00e1 gratis bicicletas de industria nacional a estudiantes de escuelas p\u00fablicas primarias. La medida se implementar\u00e1 a partir del pr\u00f3ximo s\u00e1bado 4 de agosto y se extender\u00e1 hasta noviembre.<\/p>\n<p>\u00abEl prop\u00f3sito es promover la actividad f\u00edsica, pr\u00e1ctica que instituye un estilo de vida saludable y favorece el compa\u00f1erismo\u00bb<\/p>\n<p>Los chicos de 1\u00ba a 4\u00bagrado recibir\u00e1n rodado 20 y en comodato, ya que cada dos a\u00f1os podr\u00e1n renovarlas seg\u00fan su crecimiento. Mientras que los alumnos de 5\u00ba y 6\u00ba recibir\u00e1n una rodado 26 que ser\u00e1 definitiva. Seg\u00fan informaron,\u00a0el\u00a0\u00fanico requisito para los chicos es tener en sus DNI el domicilio en Avellaneda.<\/p>\n<p>\u00abEl prop\u00f3sito es promover la actividad f\u00edsica, pr\u00e1ctica que instituye un estilo de vida saludable y favorece el compa\u00f1erismo. Las entregas se realizar\u00e1n los s\u00e1bados y los beneficiarios y las beneficiarias podr\u00e1n retirar las bicicletas a trav\u00e9s de un sistema de turnos que ser\u00e1 informado en la puerta de la instituci\u00f3n educativa\u00bb, detallaron desde la comuna.<\/p>\n<p><strong>Made in Argentina\u00a0<\/strong><\/p>\n<p>Adem\u00e1s de fomentar un h\u00e1bito saludable, esta pol\u00edtica p\u00fablica contribuy\u00f3 a promover la mano de obra nacional ya que\u00a0las bicicletas se fabricaron en una empresa argentina que las produce al 100%, es decir, no es una ensambladora.<\/p>\n<p>\u00abEl Municipio en vez de salir a hacer una licitaci\u00f3n internacional, compr\u00f3 en Argentina, generando empleo de calidad\u00bb, consider\u00f3 Daniel Tigani, director de la C\u00e1mara Industrial de la Motocicleta, Bicicleta, Rodados y Afines (Cimbra) y resalt\u00f3: \u00abSabemos que a veces los chicos recorren distancias largas para llegar a la escuela y\u00a0en vez de sacarles una foto mostrando c\u00f3mo sufren, les damos una bicicleta\u00bb.<\/p>\n<h6>Fuente: InfoNews<\/h6>\n","protected":false},"excerpt":{"rendered":"<p>El municipio del sur del conurbano comenzar\u00e1 a repartirlas el pr\u00f3ximo s\u00e1bado a todos los alumnos de primer a sexto grado. Adem\u00e1s de promover un h\u00e1bito saludable y barato, la medida gener\u00f3 trabajo ya que las bicicletas son de fabricaci\u00f3n argentina.<\/p>\n","protected":false},"author":2,"featured_media":79914,"comment_status":"closed","ping_status":"closed","sticky":false,"template":"","format":"standard","meta":{"footnotes":""},"categories":[2],"tags":[12],"class_list":["post-79913","post","type-post","status-publish","format-standard","has-post-thumbnail","hentry","category-informe-municipal","tag-buenos-aires"],"_links":{"self":[{"href":"http:\/\/argentinamunicipal.com.ar\/argentina\/wp-json\/wp\/v2\/posts\/79913","targetHints":{"allow":["GET"]}}],"collection":[{"href":"http:\/\/argentinamunicipal.com.ar\/argentina\/wp-json\/wp\/v2\/posts"}],"about":[{"href":"http:\/\/argentinamunicipal.com.ar\/argentina\/wp-json\/wp\/v2\/types\/post"}],"author":[{"embeddable":true,"href":"http:\/\/argentinamunicipal.com.ar\/argentina\/wp-json\/wp\/v2\/users\/2"}],"replies":[{"embeddable":true,"href":"http:\/\/argentinamunicipal.com.ar\/argentina\/wp-json\/wp\/v2\/comments?post=79913"}],"version-history":[{"count":0,"href":"http:\/\/argentinamunicipal.com.ar\/argentina\/wp-json\/wp\/v2\/posts\/79913\/revisions"}],"wp:featuredmedia":[{"embeddable":true,"href":"http:\/\/argentinamunicipal.com.ar\/argentina\/wp-json\/wp\/v2\/media\/79914"}],"wp:attachment":[{"href":"http:\/\/argentinamunicipal.com.ar\/argentina\/wp-json\/wp\/v2\/media?parent=79913"}],"wp:term":[{"taxonomy":"category","embeddable":true,"href":"http:\/\/argentinamunicipal.com.ar\/argentina\/wp-json\/wp\/v2\/categories?post=79913"},{"taxonomy":"post_tag","embeddable":true,"href":"http:\/\/argentinamunicipal.com.ar\/argentina\/wp-json\/wp\/v2\/tags?post=79913"}],"curies":[{"name":"wp","href":"https:\/\/api.w.org\/{rel}","templated":true}]}}