{"id":79926,"date":"2018-08-02T05:21:13","date_gmt":"2018-08-02T08:21:13","guid":{"rendered":"http:\/\/argentinamunicipal.com.ar\/argentina\/?p=79926"},"modified":"2018-08-01T19:23:47","modified_gmt":"2018-08-01T22:23:47","slug":"mas-de-200-despidos-en-atucha-trabajadores-acamparan-en-busca-de-la-reincorporacion","status":"publish","type":"post","link":"http:\/\/argentinamunicipal.com.ar\/argentina\/mas-de-200-despidos-en-atucha-trabajadores-acamparan-en-busca-de-la-reincorporacion\/","title":{"rendered":"M\u00e1s de 200 despidos en Atucha: trabajadores acampar\u00e1n en busca de la reincorporaci\u00f3n"},"content":{"rendered":"<p>La empresa Nucleoel\u00e9ctrica Argentina ech\u00f3 a 234 operarios el viernes pasado y distintos gremios realizan una masiva protesta en rechazo de la medida. Permanecer\u00e1n toda la noche en la rotonda Z\u00e1rate \u2013 Brazo Largo.<\/p>\n<p>La empresa estatal Nucleoel\u00e9ctrica Argentina, que opera las centrales nucleares del pa\u00eds, resolvi\u00f3 despedir a 234 trabajadores de la planta de la localidad bonaerense de Z\u00e1rate\u00a0el viernes pasado. Por ese motivo,\u00a0desde ATE junto a gremios como Luz y Fuerza, entre otros, encabezan un reclamo masivo en busca de la reincorporaci\u00f3n.<\/p>\n<p>En una nueva jornada de protesta,\u00a0el secretario general de ATE Z\u00e1rate, Fernando P\u00e9rez, manifest\u00f3 que \u201cel conflicto lo llevamos a cabo en la calle y en lugares de trabajo junto con los compa\u00f1eros de Luz y Fuerza, Uocra, y dem\u00e1s gremios\u201d.<\/p>\n<p>Entonces sostuvo que \u201cla situaci\u00f3n est\u00e1 muy dura porque hay un Ministerio de Trabajo que no cede, no act\u00faa de forma imparcial y lo hace a favor de la empresa\u201d.<\/p>\n<p>M\u00e1s adelante confirm\u00f3 que \u201cvamos a terminar el d\u00eda de hoy con un acampe en la rotonda de Z\u00e1rate Brazo Largo y permaneceremos toda la noche\u201d.<\/p>\n<p>En cuanto al pedido que realizan, explic\u00f3 que \u201cqueremos que se reintegren los 234 compa\u00f1eros despedidos y que se reinicie la obra de Atucha III, as\u00ed todos los trabajadores pueden tener su fuente laboral para subsistir con sus familias\u201d.<\/p>\n<p>Cabe recordar que adem\u00e1s de los despidos masivos, el gobierno nacional hab\u00eda decidido postergar las obras de Atucha III y de la quinta central nuclear, por lo que gener\u00f3 una par\u00e1lisis a\u00fan mayor en el sector.<\/p>\n<h6>Fuente: InfoCielo<\/h6>\n","protected":false},"excerpt":{"rendered":"<p>La empresa Nucleoel\u00e9ctrica Argentina ech\u00f3 a 234 operarios el viernes pasado y distintos gremios realizan una masiva protesta en rechazo de la medida. Permanecer\u00e1n toda la noche en la rotonda Z\u00e1rate \u2013 Brazo Largo.<\/p>\n","protected":false},"author":2,"featured_media":79927,"comment_status":"closed","ping_status":"closed","sticky":false,"template":"","format":"standard","meta":{"footnotes":""},"categories":[2],"tags":[12],"class_list":["post-79926","post","type-post","status-publish","format-standard","has-post-thumbnail","hentry","category-informe-municipal","tag-buenos-aires"],"_links":{"self":[{"href":"http:\/\/argentinamunicipal.com.ar\/argentina\/wp-json\/wp\/v2\/posts\/79926","targetHints":{"allow":["GET"]}}],"collection":[{"href":"http:\/\/argentinamunicipal.com.ar\/argentina\/wp-json\/wp\/v2\/posts"}],"about":[{"href":"http:\/\/argentinamunicipal.com.ar\/argentina\/wp-json\/wp\/v2\/types\/post"}],"author":[{"embeddable":true,"href":"http:\/\/argentinamunicipal.com.ar\/argentina\/wp-json\/wp\/v2\/users\/2"}],"replies":[{"embeddable":true,"href":"http:\/\/argentinamunicipal.com.ar\/argentina\/wp-json\/wp\/v2\/comments?post=79926"}],"version-history":[{"count":0,"href":"http:\/\/argentinamunicipal.com.ar\/argentina\/wp-json\/wp\/v2\/posts\/79926\/revisions"}],"wp:featuredmedia":[{"embeddable":true,"href":"http:\/\/argentinamunicipal.com.ar\/argentina\/wp-json\/wp\/v2\/media\/79927"}],"wp:attachment":[{"href":"http:\/\/argentinamunicipal.com.ar\/argentina\/wp-json\/wp\/v2\/media?parent=79926"}],"wp:term":[{"taxonomy":"category","embeddable":true,"href":"http:\/\/argentinamunicipal.com.ar\/argentina\/wp-json\/wp\/v2\/categories?post=79926"},{"taxonomy":"post_tag","embeddable":true,"href":"http:\/\/argentinamunicipal.com.ar\/argentina\/wp-json\/wp\/v2\/tags?post=79926"}],"curies":[{"name":"wp","href":"https:\/\/api.w.org\/{rel}","templated":true}]}}