{"id":79943,"date":"2018-08-02T07:52:33","date_gmt":"2018-08-02T10:52:33","guid":{"rendered":"http:\/\/argentinamunicipal.com.ar\/argentina\/?p=79943"},"modified":"2018-08-02T07:52:33","modified_gmt":"2018-08-02T10:52:33","slug":"el-pj-propone-estatizar-el-sistema-de-transporte-rosarino","status":"publish","type":"post","link":"http:\/\/argentinamunicipal.com.ar\/argentina\/el-pj-propone-estatizar-el-sistema-de-transporte-rosarino\/","title":{"rendered":"El PJ propone estatizar el sistema de transporte rosarino"},"content":{"rendered":"<p>Ante la posibilidad de que la mendocina El Cacique se retire de la operaci\u00f3n que gan\u00f3, la oposici\u00f3n plante\u00f3 que no hay tiempo para otras opciones.<\/p>\n<p>Parte de la oposici\u00f3n en el Concejo le plante\u00f3 a la Intendencia que estatice el sistema de transporte si se retira la firma mendocina El Cacique de los nuevos recorridos. El interbloque del PJ remarc\u00f3 que si se confirman los trascendidos respecto a la deserci\u00f3n cuyana, \u00abno hay tiempo material\u00bb para otra opci\u00f3n. Y le reclam\u00f3 al Ejecutivo que \u00ababandone el silencio\u00bb y transparente la situaci\u00f3n para que se conozca cu\u00e1ndo y c\u00f3mo debutar\u00e1n las prometidas mejoras en la movilidad p\u00fablica de la ciudad.<\/p>\n<p>Este mes el municipio debe resolver si adjudica y a qui\u00e9n los nuevos recorridos establecidos en la licitaci\u00f3n del transporte. A fin de agosto vencen las actuales concesiones precarias ya prorrogadas.<\/p>\n<p>El decreto de la intendenta M\u00f3nica Fein formalizando los ganadores de aquel concurso (El Cacique y la local Rosario Bus) a\u00fan no se public\u00f3 en el Bolet\u00edn Oficial. A tan pocos d\u00edas de expirar el plazo para concretarlo, esa indefinici\u00f3n gener\u00f3 revuelo, versiones y repercusiones en el Palacio Vasallo.<\/p>\n<p>Desde el Ejecutivo reconocieron a este diario que el escenario econ\u00f3mico nacional complic\u00f3 la adjudicaci\u00f3n y la concreci\u00f3n de fuertes inversiones que se exigen por pliego.<\/p>\n<p>Aludieron a la suba del d\u00f3lar que repercute en el costo de los colectivos cero kil\u00f3metro, el alza de combustible, el recorte de subsidios nacionales y las altas tasas de inter\u00e9s para financiar los nuevos equipos urbanos.<\/p>\n<p>El concejal justicialista Roberto Sukerman expres\u00f3 que la decisi\u00f3n de la empresa El Cacique de, eventualmente no venir a la ciudad, \u00abera una secreto a voces\u00bb y se mostr\u00f3 preocupado sobre la posibilidad de que se caiga el sistema de transporte.<\/p>\n<p>\u00abSi El Cacique se baja, hay poco tiempo de que venga otro, y la verdad que nos preocupa que quieran dar un manotazo de ahogado y pedirle al Concejo que levante la mano para volver a prorrogarle a Rosario Bus. Los concejales no somos empleados de M\u00f3nica Fein\u00bb, dispar\u00f3 por La Ocho.<\/p>\n<p>El edil kirchnerista fue m\u00e1s all\u00e1 y agreg\u00f3: \u00abNos preocupa el silencio del municipio, no dicen nada. Queremos como ciudad tener un nuevo sistema de transporte que d\u00e9 respuestas a las necesidades de los rosarinos\u00bb.<\/p>\n<p>Para Sukerman, la responsabilidad de un posible fracaso en la adjudicaci\u00f3n de los nuevos recorridos \u00abes del Ejecutivo. Nosotros no tenemos ninguna informaci\u00f3n de lo que va a pasar. Y no queremos que vuelva a suceder lo de siempre. Parece que Fein busca al Concejo cuando tiene el agua al cuello\u00bb.<\/p>\n<p>En ese marco, plante\u00f3 que la municipalizaci\u00f3n del servicio no es la \u00fanica salida, sino la m\u00e1s viable: \u00abHoy tenemos un sistema en donde m\u00e1s de la mitad de las l\u00edneas son municipales y dan una mejor respuesta que las de Rosario Bus. Si no vienen los privados a hacerse cargo del servicio, y para que podamos implementar el nuevo sistema, lo que propongo desde hace a\u00f1os es la municipalizaci\u00f3n\u00bb.<\/p>\n<p>Sukerman subray\u00f3 que Fein no puede esperar al d\u00eda anterior a que se caiga el sistema para pedir una pr\u00f3rroga. \u00abEso no es forma de administrar la ciudad, la Municipalidad tiene que estar a la altura de las circunstancias\u00bb, agreg\u00f3.<\/p>\n<p>En la misma l\u00ednea se manifest\u00f3 otro edil justicialista, Eduardo Toniolli. \u00abSi las empresas El Cacique y Rosario Bus no quieren dar inicio a la nueva concesi\u00f3n del transporte, ya sea retir\u00e1ndose o imponiendo condiciones, como incumplir parte del pliego, es tiempo de que la Municipalidad de Rosario asuma el desaf\u00edo de hacerse cargo de prestar el servicio por si misma\u00bb, sostuvo a trav\u00e9s de su cuenta oficial en Twitter.<\/p>\n<p>\u00abLa normativa vigente ofrece alternativas para que el Estado municipal haga uso de la flota y las instalaciones de Rosario Bus para garantizar la prestaci\u00f3n de un servicio p\u00fablico esencial\u00bb, record\u00f3.<\/p>\n<p>\u00abSi la decisi\u00f3n de la Municipalidad va en ese sentido, sin dudas va a contar con el apoyo de gran parte de la oposici\u00f3n, incluido el justicialismo. Pero no para darle un nuevo cheque en blanco a Rosario Bus\u00bb, cerr\u00f3.<\/p>\n<h6>Fuente: La Capital<\/h6>\n","protected":false},"excerpt":{"rendered":"<p>Ante la posibilidad de que la mendocina El Cacique se retire de la operaci\u00f3n que gan\u00f3, la oposici\u00f3n plante\u00f3 que no hay tiempo para otras opciones.<\/p>\n","protected":false},"author":2,"featured_media":79944,"comment_status":"closed","ping_status":"closed","sticky":false,"template":"","format":"standard","meta":{"footnotes":""},"categories":[4],"tags":[10],"class_list":["post-79943","post","type-post","status-publish","format-standard","has-post-thumbnail","hentry","category-informe-politico","tag-santa-fe"],"_links":{"self":[{"href":"http:\/\/argentinamunicipal.com.ar\/argentina\/wp-json\/wp\/v2\/posts\/79943","targetHints":{"allow":["GET"]}}],"collection":[{"href":"http:\/\/argentinamunicipal.com.ar\/argentina\/wp-json\/wp\/v2\/posts"}],"about":[{"href":"http:\/\/argentinamunicipal.com.ar\/argentina\/wp-json\/wp\/v2\/types\/post"}],"author":[{"embeddable":true,"href":"http:\/\/argentinamunicipal.com.ar\/argentina\/wp-json\/wp\/v2\/users\/2"}],"replies":[{"embeddable":true,"href":"http:\/\/argentinamunicipal.com.ar\/argentina\/wp-json\/wp\/v2\/comments?post=79943"}],"version-history":[{"count":0,"href":"http:\/\/argentinamunicipal.com.ar\/argentina\/wp-json\/wp\/v2\/posts\/79943\/revisions"}],"wp:featuredmedia":[{"embeddable":true,"href":"http:\/\/argentinamunicipal.com.ar\/argentina\/wp-json\/wp\/v2\/media\/79944"}],"wp:attachment":[{"href":"http:\/\/argentinamunicipal.com.ar\/argentina\/wp-json\/wp\/v2\/media?parent=79943"}],"wp:term":[{"taxonomy":"category","embeddable":true,"href":"http:\/\/argentinamunicipal.com.ar\/argentina\/wp-json\/wp\/v2\/categories?post=79943"},{"taxonomy":"post_tag","embeddable":true,"href":"http:\/\/argentinamunicipal.com.ar\/argentina\/wp-json\/wp\/v2\/tags?post=79943"}],"curies":[{"name":"wp","href":"https:\/\/api.w.org\/{rel}","templated":true}]}}