{"id":79956,"date":"2018-08-03T05:49:06","date_gmt":"2018-08-03T08:49:06","guid":{"rendered":"http:\/\/argentinamunicipal.com.ar\/argentina\/?p=79956"},"modified":"2018-08-02T19:51:19","modified_gmt":"2018-08-02T22:51:19","slug":"se-derrumbo-la-actividad-industrial-y-bajaron-con-fuerza-las-exportaciones","status":"publish","type":"post","link":"http:\/\/argentinamunicipal.com.ar\/argentina\/se-derrumbo-la-actividad-industrial-y-bajaron-con-fuerza-las-exportaciones\/","title":{"rendered":"Se derrumb\u00f3 la actividad industrial y bajaron con fuerza las exportaciones"},"content":{"rendered":"<p>Seg\u00fan datos del Indec, la ca\u00edda en la industria durante junio fue del 8,1 por ciento.<\/p>\n<p>El Instituto Nacional de Estad\u00edstica y Censos (INDEC) revel\u00f3 que durante el mes de junio\u00a0se derrumb\u00f3 la actividad industrial,\u00a0habiendo ca\u00eddo el\u00a08,1 por ciento\u00a0en relaci\u00f3n a junio de 2017.<\/p>\n<p>En tanto, las\u00a0exportaciones\u00a0en cantidades\u00a0cayeron\u00a0todav\u00eda m\u00e1s:\u00a010,9 por ciento.Este dato es todav\u00eda m\u00e1s grave si se tiene en cuenta que las\u00a0importacionesregistraron un\u00a0incremento del 6,2 por ciento\u00a0en el mismo mes.<\/p>\n<p>Asimismo, la construcci\u00f3n tambi\u00e9n cay\u00f3 pero la m\u00ednima: 0,1% en su medida interanual.<\/p>\n<h6>Fuente: InfoNews<\/h6>\n","protected":false},"excerpt":{"rendered":"<p>Seg\u00fan datos del Indec, la ca\u00edda en la industria durante junio fue del 8,1 por ciento.<\/p>\n","protected":false},"author":2,"featured_media":79957,"comment_status":"closed","ping_status":"closed","sticky":false,"template":"","format":"standard","meta":{"footnotes":""},"categories":[8],"tags":[21],"class_list":["post-79956","post","type-post","status-publish","format-standard","has-post-thumbnail","hentry","category-informe-nacional","tag-argentina"],"_links":{"self":[{"href":"http:\/\/argentinamunicipal.com.ar\/argentina\/wp-json\/wp\/v2\/posts\/79956","targetHints":{"allow":["GET"]}}],"collection":[{"href":"http:\/\/argentinamunicipal.com.ar\/argentina\/wp-json\/wp\/v2\/posts"}],"about":[{"href":"http:\/\/argentinamunicipal.com.ar\/argentina\/wp-json\/wp\/v2\/types\/post"}],"author":[{"embeddable":true,"href":"http:\/\/argentinamunicipal.com.ar\/argentina\/wp-json\/wp\/v2\/users\/2"}],"replies":[{"embeddable":true,"href":"http:\/\/argentinamunicipal.com.ar\/argentina\/wp-json\/wp\/v2\/comments?post=79956"}],"version-history":[{"count":0,"href":"http:\/\/argentinamunicipal.com.ar\/argentina\/wp-json\/wp\/v2\/posts\/79956\/revisions"}],"wp:featuredmedia":[{"embeddable":true,"href":"http:\/\/argentinamunicipal.com.ar\/argentina\/wp-json\/wp\/v2\/media\/79957"}],"wp:attachment":[{"href":"http:\/\/argentinamunicipal.com.ar\/argentina\/wp-json\/wp\/v2\/media?parent=79956"}],"wp:term":[{"taxonomy":"category","embeddable":true,"href":"http:\/\/argentinamunicipal.com.ar\/argentina\/wp-json\/wp\/v2\/categories?post=79956"},{"taxonomy":"post_tag","embeddable":true,"href":"http:\/\/argentinamunicipal.com.ar\/argentina\/wp-json\/wp\/v2\/tags?post=79956"}],"curies":[{"name":"wp","href":"https:\/\/api.w.org\/{rel}","templated":true}]}}