{"id":79964,"date":"2018-08-03T06:02:30","date_gmt":"2018-08-03T09:02:30","guid":{"rendered":"http:\/\/argentinamunicipal.com.ar\/argentina\/?p=79964"},"modified":"2018-08-02T20:05:43","modified_gmt":"2018-08-02T23:05:43","slug":"cercados-por-un-celoso-operativo-policial-los-bomberos-protestaron-ante-el-congreso","status":"publish","type":"post","link":"http:\/\/argentinamunicipal.com.ar\/argentina\/cercados-por-un-celoso-operativo-policial-los-bomberos-protestaron-ante-el-congreso\/","title":{"rendered":"Cercados por un celoso operativo policial los bomberos protestaron ante el Congreso"},"content":{"rendered":"<p>Pidieron por m\u00e1s presupuesto y por el pago de un subsidio que el gobierno nacional les debe. Un cord\u00f3n policial les impidi\u00f3 llegar con las autobombas.<\/p>\n<p>Los\u00a0bomberos voluntarios\u00a0intentaron este jueves protestar con sus autobombas frente al\u00a0Congreso de la Naci\u00f3n,\u00a0el cual tambi\u00e9n intentaron \u00ababrazar\u00bb en se\u00f1al de protesta por la deuda que el Estado nacional tiene con ellos a trav\u00e9s de\u00a0un subsidio que no les pag\u00f3.<\/p>\n<p>Sin embargo, desde la madrugada un\u00a0cord\u00f3n policial\u00a0in\u00e9dito\u00a0cort\u00f3 desde la avenida 9 de Julio hasta casi Pueyrred\u00f3n y a lo largo de varias calles con el fin de que no pudiesen llegar con sus caracter\u00edsticos veh\u00edculos hasta las avenidas Entre R\u00edos y Rivadavia.<\/p>\n<p>Pese a la presi\u00f3n polcial, que en la zona del Palacio Legislativo registr\u00f3 empujones, patadas y alg\u00fan palazo de los uniformados, el reclamo se visibiliz\u00f3 en todo el pa\u00eds, donde los trabajadores protestaron en sus respectivas ciudades.<\/p>\n<p>En tanto, de acuerdo al departamento de prensa del Consejo Nacional de Bomberos Voluntarios, a cargo de Andrea Z\u00e1s, el incidente no pas\u00f3 a mayores y los amnifestantes optaron por llegar al centro de la marcha por otra calle.<\/p>\n<p>\u00abLa grave situaci\u00f3n de desfinanciamiento por la que est\u00e1 atravesando el\u00a0Sistema Nacional de Bomberos Voluntarios pone en peligro la vida de nuestros bomberos y la prestaci\u00f3n del servicio p\u00fablico que brindan en el 80% del territorio nacional\u00bb, expresaron a trav\u00e9s de un comunicado.<\/p>\n<h6>Fuente: InfoNews<\/h6>\n","protected":false},"excerpt":{"rendered":"<p>Pidieron por m\u00e1s presupuesto y por el pago de un subsidio que el gobierno nacional les debe.<\/p>\n","protected":false},"author":2,"featured_media":79965,"comment_status":"closed","ping_status":"closed","sticky":false,"template":"","format":"standard","meta":{"footnotes":""},"categories":[8],"tags":[21],"class_list":["post-79964","post","type-post","status-publish","format-standard","has-post-thumbnail","hentry","category-informe-nacional","tag-argentina"],"_links":{"self":[{"href":"http:\/\/argentinamunicipal.com.ar\/argentina\/wp-json\/wp\/v2\/posts\/79964","targetHints":{"allow":["GET"]}}],"collection":[{"href":"http:\/\/argentinamunicipal.com.ar\/argentina\/wp-json\/wp\/v2\/posts"}],"about":[{"href":"http:\/\/argentinamunicipal.com.ar\/argentina\/wp-json\/wp\/v2\/types\/post"}],"author":[{"embeddable":true,"href":"http:\/\/argentinamunicipal.com.ar\/argentina\/wp-json\/wp\/v2\/users\/2"}],"replies":[{"embeddable":true,"href":"http:\/\/argentinamunicipal.com.ar\/argentina\/wp-json\/wp\/v2\/comments?post=79964"}],"version-history":[{"count":0,"href":"http:\/\/argentinamunicipal.com.ar\/argentina\/wp-json\/wp\/v2\/posts\/79964\/revisions"}],"wp:featuredmedia":[{"embeddable":true,"href":"http:\/\/argentinamunicipal.com.ar\/argentina\/wp-json\/wp\/v2\/media\/79965"}],"wp:attachment":[{"href":"http:\/\/argentinamunicipal.com.ar\/argentina\/wp-json\/wp\/v2\/media?parent=79964"}],"wp:term":[{"taxonomy":"category","embeddable":true,"href":"http:\/\/argentinamunicipal.com.ar\/argentina\/wp-json\/wp\/v2\/categories?post=79964"},{"taxonomy":"post_tag","embeddable":true,"href":"http:\/\/argentinamunicipal.com.ar\/argentina\/wp-json\/wp\/v2\/tags?post=79964"}],"curies":[{"name":"wp","href":"https:\/\/api.w.org\/{rel}","templated":true}]}}