{"id":79970,"date":"2018-08-03T05:09:02","date_gmt":"2018-08-03T08:09:02","guid":{"rendered":"http:\/\/argentinamunicipal.com.ar\/argentina\/?p=79970"},"modified":"2018-08-02T20:12:26","modified_gmt":"2018-08-02T23:12:26","slug":"79970-2","status":"publish","type":"post","link":"http:\/\/argentinamunicipal.com.ar\/argentina\/79970-2\/","title":{"rendered":"El final de la intervenci\u00f3n del PJ"},"content":{"rendered":"<p>Tal como se lo anticip\u00f3 ayer, la C\u00e1mara Nacional Electoral revoc\u00f3 el fallo con el que la jueza Mar\u00eda Romilda Servini de Cubr\u00eda orden\u00f3 la intervenci\u00f3n del Partido Justicialista Nacional y, de esta manera, restableci\u00f3 en el cargo de presidente al sanjuanino Jos\u00e9 Luis Gioja.<\/p>\n<p>\u00ab\u00a1El Partido Justicialista vuelve a sus leg\u00edtimas autoridades! \u00a1Gracias a todos los que nos apoyaron desde cada rinc\u00f3n del pa\u00eds!\u00bb, tuite\u00f3 Gioja una vez confirmado el fallo. Comparti\u00f3 un texto en el que destaca que el PJ volver\u00e1 ahora \u00aba la normalidad\u00bb y acusa al Gobierno por los \u00abvaivenes judiciales\u00bb contra el mayor partido opositor.<\/p>\n<p>El fallo de los jueces Alberto Dalla V\u00eda y Santiago Corcuera sigue la l\u00ednea del fiscal Jorge Di Lello, quien en su dictamen hab\u00eda dicho que los fundamentos de Servini hab\u00edan sido \u201cde car\u00e1cter pol\u00edtico y no jur\u00eddico\u201d.<\/p>\n<p>El pedido de intervenci\u00f3n hab\u00eda sido hecho por dirigentes de las 62 Organizaciones m\u00e1s cercanos al Gobierno y a Luis Barrionuevo, quien fuera elegido por la jueza como interventor del partido. Entre los denunciantes est\u00e1n el triunviro de la CGT, Carlos Acu\u00f1a; el titular del Sindicato de Obreros de Maestranza (SOM), Oscar Guillermo Rojas, y el l\u00edder del Sindicato Obrero de la Industria del Vestido y Afines (SOIVA), Horacio Alberto Vald\u00e9z.<\/p>\n<p>El fallo de Servini tuvo duros cuestionamientos desde distintos sectores del partido. Hasta la propia Chiche Duhalde lo hab\u00eda calificado de \u201cinentendible\u201d. Uno de los puntos m\u00e1s criticados fue el argumento de que la intervenci\u00f3n se justificaba en la derrota del justicialismo en las \u00faltimas elecciones presidenciales.<\/p>\n<h6>Fuente: P\u00e1gina 12<\/h6>\n","protected":false},"excerpt":{"rendered":"<p>Tal como se lo anticip\u00f3 ayer, la C\u00e1mara Nacional Electoral revoc\u00f3 el fallo con el que la jueza Mar\u00eda Romilda Servini de Cubr\u00eda orden\u00f3 la intervenci\u00f3n del Partido Justicialista Nacional y, de esta manera, restableci\u00f3 en el cargo de presidente al sanjuanino Jos\u00e9 Luis Gioja.<\/p>\n","protected":false},"author":2,"featured_media":79971,"comment_status":"closed","ping_status":"closed","sticky":false,"template":"","format":"standard","meta":{"footnotes":""},"categories":[8],"tags":[21],"class_list":["post-79970","post","type-post","status-publish","format-standard","has-post-thumbnail","hentry","category-informe-nacional","tag-argentina"],"_links":{"self":[{"href":"http:\/\/argentinamunicipal.com.ar\/argentina\/wp-json\/wp\/v2\/posts\/79970","targetHints":{"allow":["GET"]}}],"collection":[{"href":"http:\/\/argentinamunicipal.com.ar\/argentina\/wp-json\/wp\/v2\/posts"}],"about":[{"href":"http:\/\/argentinamunicipal.com.ar\/argentina\/wp-json\/wp\/v2\/types\/post"}],"author":[{"embeddable":true,"href":"http:\/\/argentinamunicipal.com.ar\/argentina\/wp-json\/wp\/v2\/users\/2"}],"replies":[{"embeddable":true,"href":"http:\/\/argentinamunicipal.com.ar\/argentina\/wp-json\/wp\/v2\/comments?post=79970"}],"version-history":[{"count":0,"href":"http:\/\/argentinamunicipal.com.ar\/argentina\/wp-json\/wp\/v2\/posts\/79970\/revisions"}],"wp:featuredmedia":[{"embeddable":true,"href":"http:\/\/argentinamunicipal.com.ar\/argentina\/wp-json\/wp\/v2\/media\/79971"}],"wp:attachment":[{"href":"http:\/\/argentinamunicipal.com.ar\/argentina\/wp-json\/wp\/v2\/media?parent=79970"}],"wp:term":[{"taxonomy":"category","embeddable":true,"href":"http:\/\/argentinamunicipal.com.ar\/argentina\/wp-json\/wp\/v2\/categories?post=79970"},{"taxonomy":"post_tag","embeddable":true,"href":"http:\/\/argentinamunicipal.com.ar\/argentina\/wp-json\/wp\/v2\/tags?post=79970"}],"curies":[{"name":"wp","href":"https:\/\/api.w.org\/{rel}","templated":true}]}}