{"id":80310,"date":"2018-08-10T05:11:12","date_gmt":"2018-08-10T08:11:12","guid":{"rendered":"http:\/\/argentinamunicipal.com.ar\/argentina\/?p=80310"},"modified":"2018-08-10T07:14:12","modified_gmt":"2018-08-10T10:14:12","slug":"se-constituyo-el-foro-de-localidades-portuarias-de-la-provincia-de-santa-fe","status":"publish","type":"post","link":"http:\/\/argentinamunicipal.com.ar\/argentina\/se-constituyo-el-foro-de-localidades-portuarias-de-la-provincia-de-santa-fe\/","title":{"rendered":"Se constituy\u00f3 el Foro de Localidades Portuarias de la provincia de Santa Fe"},"content":{"rendered":"<p>Timb\u00faes fue el escenario de la \u00faltima reuni\u00f3n donde se conform\u00f3 la entidad, que ser\u00e1 presidida por el titular de esa comuna.<\/p>\n<p>Timb\u00faes fue escenario de la Asamblea Constitutiva del Foro de Localidades Portuarias Santafesinas que, por decisi\u00f3n de sus miembros, ser\u00e1 presidida por el titular de esa comuna, Amaro Gonz\u00e1lez.<\/p>\n<p>En el acto estuvieron presentes, como invitado especial, Rafael Guti\u00e9rrez, presidente de la Corte Suprema de Justicia de la provincia, y los intendentes de San Lorenzo, Leonardo Raimundo, \u2014electo vicepresidente primero\u2014; de Villa Gobernador G\u00e1lvez, Alberto Ricci, \u2014vicepresidente segundo\u2014; Jos\u00e9 Fern\u00e1ndez Chemes en su car\u00e1cter de secretario Legal y T\u00e9cnico, el intendente de Reconquista, Amadeo Vallejos, \u2014vicepresidente tercero\u2014; el de Puerto San Mart\u00edn, Carlos De Grandis, \u2014tesorero\u2014, y el jefe comunal de Alvear, Leandro Tavares.<\/p>\n<p>Todo comenz\u00f3 hace unos meses en esta misma Timb\u00faes y luego en Rosario y Villa Gobernador G\u00e1lvez. En todas las reuniones participaron tambi\u00e9n el intendente de Villa Constituci\u00f3n, Jorge Berti \u2014electo prosecretario\u2014; el jefe comunal de General Lagos, Esteban Ferri \u2014secretario\u2014 y el intendente Arroyo Seco, Esper Nizar, secretario de actas.<\/p>\n<p>Esta asociaci\u00f3n civil tiene como fin trabajar por el bien com\u00fan, preservar y consolidar la autonom\u00eda de las administraciones de las ciudades miembro, coordinar el intercambio de experiencias, difundir informaci\u00f3n e ideas entre las ciudades, y auspiciar y organizar seminarios, conferencias, cursos y reuniones sobre aspectos de inter\u00e9s para las ciudades miembro.<\/p>\n<p>Asimismo, se busca que estas localidades puedan acceder a fuentes de financiamiento internacionales para infraestructura, equipamiento y capacitaci\u00f3n, y firmar convenios de cooperaci\u00f3n y capacitaci\u00f3n con instituciones y\/o Estados nacionales, provinciales y municipales.<\/p>\n<p>El titular de la Corte de Justicia expres\u00f3 que \u00abeste tipo de emprendimientos son muy importantes porque se tratan pol\u00edtica de Estado, ac\u00e1 no hay color pol\u00edtico, hay principios superiores que intentan obtener mejoras en la calidad de vida de los pueblos, de la gente\u00bb.<\/p>\n<p>Gonz\u00e1lez, presidente de este foro, indic\u00f3 a los presentes: \u00abSomos ciudades portuarias que tenemos que convivir con una actividad que no es normal, con miles de camiones que transitan por nuestros pueblos, ciudades y comunas que se ven sometidos a una contaminaci\u00f3n ambiental, que no es com\u00fan en otras ciudades; ciudades y puertos que tienen que dialogar con poderes econ\u00f3micos muy fuertes\u00bb.<\/p>\n<p>El inter\u00e9s general y los derechos<\/p>\n<p>Y subray\u00f3: \u00abEsta organizaci\u00f3n que estamos creando va m\u00e1s all\u00e1 del tiempo en que estamos gobernando y tiene que ver con el inter\u00e9s general y la preservaci\u00f3n de derechos, \u00fanico objetivo que persigue esta instituci\u00f3n que acaba de conformarse. M\u00e1s all\u00e1 de los hombres, somos protagonistas de un momento hist\u00f3rico y vamos a discutir con seriedad y honestidad con gobernantes y grupos econ\u00f3micos, teniendo como mira el mejoramiento de nuestras ciudades y localidades para que el desarrollo sea ordenado y justo\u00bb.<\/p>\n<p>Adem\u00e1s, se hallaba presente el lunes un gran n\u00famero de profesionales, asesores de este nuevo espacio institucional, proveniente de distintos gabinetes de gobiernos que integran este foro. Para finalizar el encuentro se firm\u00f3 el acta constitutiva que se presentar\u00e1 en Inspecci\u00f3n General de Personer\u00eda Jur\u00eddica del Estado provincial.<\/p>\n<h6>Fuetne: La Capital<\/h6>\n","protected":false},"excerpt":{"rendered":"<p>Timb\u00faes fue el escenario de la \u00faltima reuni\u00f3n donde se conform\u00f3 la entidad, que ser\u00e1 presidida por el titular de esa comuna.<\/p>\n","protected":false},"author":2,"featured_media":80311,"comment_status":"closed","ping_status":"closed","sticky":false,"template":"","format":"standard","meta":{"footnotes":""},"categories":[2],"tags":[10],"class_list":["post-80310","post","type-post","status-publish","format-standard","has-post-thumbnail","hentry","category-informe-municipal","tag-santa-fe"],"_links":{"self":[{"href":"http:\/\/argentinamunicipal.com.ar\/argentina\/wp-json\/wp\/v2\/posts\/80310","targetHints":{"allow":["GET"]}}],"collection":[{"href":"http:\/\/argentinamunicipal.com.ar\/argentina\/wp-json\/wp\/v2\/posts"}],"about":[{"href":"http:\/\/argentinamunicipal.com.ar\/argentina\/wp-json\/wp\/v2\/types\/post"}],"author":[{"embeddable":true,"href":"http:\/\/argentinamunicipal.com.ar\/argentina\/wp-json\/wp\/v2\/users\/2"}],"replies":[{"embeddable":true,"href":"http:\/\/argentinamunicipal.com.ar\/argentina\/wp-json\/wp\/v2\/comments?post=80310"}],"version-history":[{"count":0,"href":"http:\/\/argentinamunicipal.com.ar\/argentina\/wp-json\/wp\/v2\/posts\/80310\/revisions"}],"wp:featuredmedia":[{"embeddable":true,"href":"http:\/\/argentinamunicipal.com.ar\/argentina\/wp-json\/wp\/v2\/media\/80311"}],"wp:attachment":[{"href":"http:\/\/argentinamunicipal.com.ar\/argentina\/wp-json\/wp\/v2\/media?parent=80310"}],"wp:term":[{"taxonomy":"category","embeddable":true,"href":"http:\/\/argentinamunicipal.com.ar\/argentina\/wp-json\/wp\/v2\/categories?post=80310"},{"taxonomy":"post_tag","embeddable":true,"href":"http:\/\/argentinamunicipal.com.ar\/argentina\/wp-json\/wp\/v2\/tags?post=80310"}],"curies":[{"name":"wp","href":"https:\/\/api.w.org\/{rel}","templated":true}]}}