{"id":80313,"date":"2018-08-10T05:16:56","date_gmt":"2018-08-10T08:16:56","guid":{"rendered":"http:\/\/argentinamunicipal.com.ar\/argentina\/?p=80313"},"modified":"2018-08-10T07:20:44","modified_gmt":"2018-08-10T10:20:44","slug":"en-barrio-san-roque-santa-fe-crece-un-emprendimiento-en-trabajo-en-equipo-con-el-municipio","status":"publish","type":"post","link":"http:\/\/argentinamunicipal.com.ar\/argentina\/en-barrio-san-roque-santa-fe-crece-un-emprendimiento-en-trabajo-en-equipo-con-el-municipio\/","title":{"rendered":"En barrio San Roque, Santa Fe, crece un emprendimiento en trabajo en equipo con el Municipio"},"content":{"rendered":"<p>En el coraz\u00f3n del barrio San Roque, funciona\u00a0Zulma Ale, una firma dedicada a la pasteler\u00eda y reposter\u00eda artesanal. El emprendimiento, que\u00a0ha recibido respaldo y asesoramiento del municipio, este jueves por la tarde fue visitado por la secretaria de Desarrollo Estrat\u00e9gico y Resiliencia, Andrea Valsagna, quien se acerc\u00f3 al lugar con su equipo de trabajo para conocer de primera mano el funcionamiento de la empresa que en poco tiempo tuvo un notable crecimiento que le permite contar hoy con 16 empleados. All\u00ed, adem\u00e1s, realizan su entrenamiento laboral cuatro j\u00f3venes de Escuelas de Trabajo de la ciudad, quienes desde hace tres semanas aprenden y se perfeccionan en la elaboraci\u00f3n de m\u00e1s de 40 productos que se comercializan tanto al por mayor como por venta directa en un local propio que tienen sobre avenida General Paz al 5200.<\/p>\n<p>En su visita al lugar,\u00a0Andrea Valsagna\u00a0destac\u00f3 al emprendimiento por sus \u201cganas de trabajar y generar trabajo\u201d y ponder\u00f3 que \u201cse anim\u00f3 a m\u00e1s y fue ampliando su producci\u00f3n y hoy est\u00e1 proyectando incluso tener una helader\u00eda\u201c. Tambi\u00e9n, remarc\u00f3 que \u201ces un ejemplo para la ciudad, para que los que hacen cosas se animen, porque el municipio est\u00e1 para acompa\u00f1arlos tanto desde Santa Fe Activa y el Club de Emprendedores, para abrir o habilitar el negocio. Jos\u00e9 nos pide que los acompa\u00f1emos para que la ciudad crezca, porque la ciudad crece cuando trabajamos juntos y cuando hay tanta ganas como Zulma, que sum\u00f3 a chicos de las Escuelas de Trabajo, a trav\u00e9s del Programa de Capacitaci\u00f3n y Entrenamiento Laboral, generando oportunidades que transforman la vida a mucha gente\u201c.<\/p>\n<p>\u201cEstamos muy contentos por los logros que tenemos y muchas ganas de seguir adelante. Nuestro fuerte es la pasteler\u00eda y ahora queremos proyectarnos en helader\u00eda\u201c, cont\u00f3, por su parte,\u00a0Zulma Ale, que le dio su nombre al proyecto que comenz\u00f3 con su familia y hoy tiene 16 empleados. Hoy, su objetivo es \u201cseguir con todas las ganas, porque se trabaja con mucho respeto y mucho cari\u00f1o\u201c, a\u00f1adi\u00f3.<\/p>\n<p>Desde hace tres semanas, se sumaron al emprendimiento cuatro j\u00f3venes de las Escuelas de Trabajo. Sobre esta iniciativa, Zulma valor\u00f3 que \u201clos chicos tienen muchas ganas de progresar, de salir adelante y est\u00e1 bueno darles una oportunidad para que ellos puedan mostrar que quieren aprender y sumar a nuestra ciudad\u201c.<\/p>\n<p>Brindar herramientas<\/p>\n<p>La funcionaria municipal record\u00f3 que el Gobierno de la Ciudad cuenta con distintas herramientas para trabajar con emprendedores: \u201cCuando generamos el espacio de Santa Fe Activa\u00a0(ubicado en Cortada Falucho y 25 de Mayo)\u00a0fue para estar m\u00e1s cerca de quien quiera poner un comercio, del que quiere emprender o empezar a producir, o de quien tiene una idea y no sabe c\u00f3mo llevarla adelante\u201c.<\/p>\n<p>Valsagna explic\u00f3 que se pueden encontrar all\u00ed \u201cespacios de capacitaci\u00f3n y espacios para compartir, porque a veces conociendo lo que hace otro uno aprende c\u00f3mo hacer lo que uno quiere hacer. Este a\u00f1o adem\u00e1s abrimos la Oficina Virtual para facilitar todos los tr\u00e1mites de habilitaci\u00f3n, asesorarlos en materia de seguridad alimentaria, facilitarles el acceso a cr\u00e9ditos que hay disponibles tanto desde la Agencia de Desarrollo de la ciudad como otros organismos\u201c. Finalmente, subray\u00f3 que \u201cqueremos ser el v\u00ednculo entre muchas herramientas que existen y no se conocen, pero que ayudan a los que emprenden\u201d y afirm\u00f3 que \u201cSanta Fe Activa es el espacio de la econom\u00eda que se viene\u201c.<\/p>\n<h6>Fuente: Sin Mordaza<\/h6>\n","protected":false},"excerpt":{"rendered":"<p>En el coraz\u00f3n del barrio San Roque, funciona\u00a0Zulma Ale, una firma dedicada a la pasteler\u00eda y reposter\u00eda artesanal. El emprendimiento, que\u00a0ha recibido respaldo y asesoramiento del municipio<\/p>\n","protected":false},"author":2,"featured_media":80314,"comment_status":"closed","ping_status":"closed","sticky":false,"template":"","format":"standard","meta":{"footnotes":""},"categories":[2],"tags":[10],"class_list":["post-80313","post","type-post","status-publish","format-standard","has-post-thumbnail","hentry","category-informe-municipal","tag-santa-fe"],"_links":{"self":[{"href":"http:\/\/argentinamunicipal.com.ar\/argentina\/wp-json\/wp\/v2\/posts\/80313","targetHints":{"allow":["GET"]}}],"collection":[{"href":"http:\/\/argentinamunicipal.com.ar\/argentina\/wp-json\/wp\/v2\/posts"}],"about":[{"href":"http:\/\/argentinamunicipal.com.ar\/argentina\/wp-json\/wp\/v2\/types\/post"}],"author":[{"embeddable":true,"href":"http:\/\/argentinamunicipal.com.ar\/argentina\/wp-json\/wp\/v2\/users\/2"}],"replies":[{"embeddable":true,"href":"http:\/\/argentinamunicipal.com.ar\/argentina\/wp-json\/wp\/v2\/comments?post=80313"}],"version-history":[{"count":0,"href":"http:\/\/argentinamunicipal.com.ar\/argentina\/wp-json\/wp\/v2\/posts\/80313\/revisions"}],"wp:featuredmedia":[{"embeddable":true,"href":"http:\/\/argentinamunicipal.com.ar\/argentina\/wp-json\/wp\/v2\/media\/80314"}],"wp:attachment":[{"href":"http:\/\/argentinamunicipal.com.ar\/argentina\/wp-json\/wp\/v2\/media?parent=80313"}],"wp:term":[{"taxonomy":"category","embeddable":true,"href":"http:\/\/argentinamunicipal.com.ar\/argentina\/wp-json\/wp\/v2\/categories?post=80313"},{"taxonomy":"post_tag","embeddable":true,"href":"http:\/\/argentinamunicipal.com.ar\/argentina\/wp-json\/wp\/v2\/tags?post=80313"}],"curies":[{"name":"wp","href":"https:\/\/api.w.org\/{rel}","templated":true}]}}