{"id":80528,"date":"2018-08-15T05:46:00","date_gmt":"2018-08-15T08:46:00","guid":{"rendered":"http:\/\/argentinamunicipal.com.ar\/argentina\/?p=80528"},"modified":"2018-08-14T19:49:48","modified_gmt":"2018-08-14T22:49:48","slug":"80528-2","status":"publish","type":"post","link":"http:\/\/argentinamunicipal.com.ar\/argentina\/80528-2\/","title":{"rendered":"Preocupa la situaci\u00f3n de peque\u00f1as y medianas empresas en Santa Fe"},"content":{"rendered":"<p>Se incrementaron los pedidos de procesos preventivos de crisis en lo que va del a\u00f1o, respecto de 2017. \u201cEs clave saber hasta cu\u00e1ndo contin\u00faa la recesi\u00f3n\u201d, dijo el ministro de Trabajo, Julio Genesini.<\/p>\n<p>\u201cEste trimestre entendemos que va a ser clave, porque en la medida en la que evolucione el tema en materia econ\u00f3mica, se ver\u00e1 qu\u00e9 sucede con el empleo\u201d.<\/p>\n<p>El ministro de Trabajo, Julio Genesini, confirm\u00f3 que en lo que va del a\u00f1o ya se registraron m\u00e1s procesos preventivos de crisis que en 2017, y lo atribuy\u00f3 a la situaci\u00f3n macroecon\u00f3mica que se vive en el pa\u00eds.<\/p>\n<p>\u201cEn general, a esta altura tenemos algunos m\u00e1s que los registrados el a\u00f1o pasado. Ven\u00edamos trabajando en un esquema que en el primer trimestre se presentaba con una tendencia similar a la del a\u00f1o pasado. Pero despu\u00e9s hubo todo un cambio en la pol\u00edtica macroecon\u00f3mica; una devaluaci\u00f3n importante, altas tasas de inter\u00e9s, una ca\u00edda de la demanda, una pol\u00edtica de ajuste del Estado nacional y esto ha generado toda una serie de impactos e incertidumbre que no se han despejado todav\u00eda. Eso tuvo un primer impacto en las microempresas, en las peque\u00f1as, con mayor incremento sobre todo por los despidos que se dan y que lo denominamos \u2018efecto goteo\u2019. Se trata de los que vienen a formalizar un acuerdo al Ministerio de a uno o dos. Esto se est\u00e1 dando en una relaci\u00f3n mucho mayor a los conflictos colectivos de empresas m\u00e1s grandes, en las que intervienen sindicatos a trav\u00e9s de la audiencias en esta cartera. Y es cierto que estamos recibiendo m\u00e1s pedidos a esta altura (del a\u00f1o) de procesos preventivos de crisis\u201d, confirm\u00f3.<\/p>\n<p>Las pymes<\/p>\n<p>Seg\u00fan cont\u00f3, junto a la ministra de la Producci\u00f3n, Alicia Ciciliani, est\u00e1n focalizando la contenci\u00f3n en las peque\u00f1as y medianas empresas. \u201cVemos que es all\u00ed donde m\u00e1s se complica la situaci\u00f3n; estamos recibiendo a empresas medianas y peque\u00f1as que est\u00e1n atravesando las mayores complicaciones; esto empez\u00f3 hace dos meses. Todos est\u00e1n tratando de seguir adelante, pero plantean sus dificultades. Est\u00e1n haciendo un esfuerzo para retener a sus trabajadores y eso hay que destacarlo\u201d, plante\u00f3.<\/p>\n<p>A su criterio, \u201ceste trimestre entendemos que va a ser clave porque en la medida en la que evolucione el tema en materia econ\u00f3mica, se ver\u00e1 qu\u00e9 sucede con el empleo. Si la situaci\u00f3n se recupera y reactiva, vamos a tener un panorama. El objetivo es seguir de cerca todo lo que tiene que ver con la contenci\u00f3n del empleo\u201d, insisti\u00f3.<\/p>\n<p>Consultado sobre los rubros m\u00e1s afectados, dijo que \u201cm\u00e1s que de sectores, hay que hablar de la envergadura de las empresas. El 15% de las firmas son pymes con entre cuatro y cinco empleados. \u00c9sas son las que m\u00e1s est\u00e1n sufriendo el impacto. Despu\u00e9s, las de bienes intermedios durables donde la gente puede esperar para comprar. All\u00ed tenemos muebles, electrodom\u00e9sticos, talleres, carrozados, etc. Ah\u00ed est\u00e1n refiriendo que disminuye sustancialmente el trabajo. \u00c9sa es una situaci\u00f3n complicada. El gran tema es saber cu\u00e1nto dura todo este proceso recesivo\u201d, plante\u00f3.<\/p>\n<p>Consejo<\/p>\n<p>El ministro de Trabajo habl\u00f3 con la prensa en el marco de la reuni\u00f3n del Consejo Econ\u00f3mico y Social de la provincia. Fue con la presencia del gobernador Miguel Lifschitz, y junto a m\u00e1s de 130 representantes de instituciones de los sectores econ\u00f3mico productivo, laboral, y cient\u00edfico tecnol\u00f3gico. La finalidad, consolidar compromisos sectoriales a ser incluidos en el Acuerdo Santafesino por la producci\u00f3n, el trabajo y la innovaci\u00f3n.<\/p>\n<p>\u201cEsta es una reuni\u00f3n de trabajo para pensar el futuro cercano, de mediano plazo y tambi\u00e9n del largo plazo\u201d, asegur\u00f3 Lifschitz. Y record\u00f3 que \u201cdurante las sesiones de la Legislatura, plante\u00e9 la intenci\u00f3n de convocar a este Consejo para discutir una propuesta, un acuerdo, de concertaci\u00f3n entre los distintos actores de la econom\u00eda, el Estado provincial y los Estados locales.<\/p>\n<p>\u201cMuchas cosas han pasado en el pa\u00eds y en la econom\u00eda desde ese momento a hoy, pero a pesar de esto creemos que sigue teniendo absoluta vigencia la idea inicial de pensar el futuro. Aunque estemos un poco m\u00e1s complicados que antes, la idea de pensar hacia adelante nos ayuda a mantener la confianza en nuestras propias capacidades y fortalezas, y sortear de la mejor manera las dificultades de la coyuntura que son ajenas a quienes estamos aqu\u00ed pero que de todas formas nos atraviesan y nos afectan de diferentes maneras\u201d, expres\u00f3.<\/p>\n<p>A mediados de mayo, el gobernador hab\u00eda solicitado al Consejo que generara propuestas y convocara a otros actores clave para dise\u00f1ar una estrategia de construcci\u00f3n colectiva y multisectorial para la definici\u00f3n de un modelo de desarrollo para la provincia, teniendo en cuenta el contexto nacional e internacional a nivel econ\u00f3mico y productivo.<\/p>\n<p>Durante los meses de junio y julio, las instituciones generaron m\u00e1s de 80 propuestas y los ministerios de la Producci\u00f3n, de Infraestructura, de Econom\u00eda, de Medio Ambiente, de Trabajo y de Ciencia y Tecnolog\u00eda definieron un conjunto de herramientas, proyectos y programas que ser\u00e1n comprometidos por el Estado para este Acuerdo.<\/p>\n<h6>Fuente: El Litoral<\/h6>\n","protected":false},"excerpt":{"rendered":"<p>Se incrementaron los pedidos de procesos preventivos de crisis en lo que va del a\u00f1o, respecto de 2017. \u201cEs clave saber hasta cu\u00e1ndo contin\u00faa la recesi\u00f3n\u201d, dijo el ministro de Trabajo, Julio Genesini.<\/p>\n","protected":false},"author":2,"featured_media":80529,"comment_status":"closed","ping_status":"closed","sticky":false,"template":"","format":"standard","meta":{"footnotes":""},"categories":[2],"tags":[10],"class_list":["post-80528","post","type-post","status-publish","format-standard","has-post-thumbnail","hentry","category-informe-municipal","tag-santa-fe"],"_links":{"self":[{"href":"http:\/\/argentinamunicipal.com.ar\/argentina\/wp-json\/wp\/v2\/posts\/80528","targetHints":{"allow":["GET"]}}],"collection":[{"href":"http:\/\/argentinamunicipal.com.ar\/argentina\/wp-json\/wp\/v2\/posts"}],"about":[{"href":"http:\/\/argentinamunicipal.com.ar\/argentina\/wp-json\/wp\/v2\/types\/post"}],"author":[{"embeddable":true,"href":"http:\/\/argentinamunicipal.com.ar\/argentina\/wp-json\/wp\/v2\/users\/2"}],"replies":[{"embeddable":true,"href":"http:\/\/argentinamunicipal.com.ar\/argentina\/wp-json\/wp\/v2\/comments?post=80528"}],"version-history":[{"count":0,"href":"http:\/\/argentinamunicipal.com.ar\/argentina\/wp-json\/wp\/v2\/posts\/80528\/revisions"}],"wp:featuredmedia":[{"embeddable":true,"href":"http:\/\/argentinamunicipal.com.ar\/argentina\/wp-json\/wp\/v2\/media\/80529"}],"wp:attachment":[{"href":"http:\/\/argentinamunicipal.com.ar\/argentina\/wp-json\/wp\/v2\/media?parent=80528"}],"wp:term":[{"taxonomy":"category","embeddable":true,"href":"http:\/\/argentinamunicipal.com.ar\/argentina\/wp-json\/wp\/v2\/categories?post=80528"},{"taxonomy":"post_tag","embeddable":true,"href":"http:\/\/argentinamunicipal.com.ar\/argentina\/wp-json\/wp\/v2\/tags?post=80528"}],"curies":[{"name":"wp","href":"https:\/\/api.w.org\/{rel}","templated":true}]}}