{"id":80769,"date":"2018-08-27T04:06:53","date_gmt":"2018-08-27T07:06:53","guid":{"rendered":"http:\/\/argentinamunicipal.com.ar\/argentina\/?p=80769"},"modified":"2018-08-27T07:16:35","modified_gmt":"2018-08-27T10:16:35","slug":"santa-fe-la-nacion-resolvio-dar-de-baja-a-la-obra-del-gasoducto-regional-sur","status":"publish","type":"post","link":"http:\/\/argentinamunicipal.com.ar\/argentina\/santa-fe-la-nacion-resolvio-dar-de-baja-a-la-obra-del-gasoducto-regional-sur\/","title":{"rendered":"Santa Fe: La Naci\u00f3n resolvi\u00f3 dar de baja a la obra del Gasoducto Regional Sur"},"content":{"rendered":"<p>Los trabajos iban a beneficiar a ocho localidades santafesinas. Venado Tuerto deber\u00e1 devolver 65 millones y vender los ca\u00f1os.<\/p>\n<p>Finalmente la Naci\u00f3n determin\u00f3 dar por concluida la obra del Gasoducto Regional Sur (GRS) y adem\u00e1s la intendencia de Venado Tuerto deber\u00e1 devolver el dinero invertido en los ca\u00f1os que se iban a utilizar para su ejecuci\u00f3n; unos 65 millones de pesos. La noticia fue confirmada por el Ministerio de Energ\u00eda de la Naci\u00f3n en una reuni\u00f3n celebrada con el Intendente Municipal, Jos\u00e9 Freyre, el secretario de Gobierno, Jorge Lagna y el secretario de Obras P\u00fablicas, Pablo Rada. La obra iba a beneficiar a ocho localidades del sur santafesino.<\/p>\n<p>La obra del Gasoducto Regional Sur (GRS) permit\u00eda la ampliaci\u00f3n de 1.800 bocas de gas en ocho localidades del sur santafesino; Venado Tuerto, Firmat, Casilda, Carmen, Chovet, Murphy, Melincu\u00e9 y Teodelina. En un principio se hab\u00eda presupuestado la obra en 130 millones de pesos e implicaba aumentar las bocas de gas a 1.800 casas que se podr\u00eda extender a cuatro mil una vez realizada esa primera parte.<\/p>\n<p>Rada coment\u00f3 que \u00aben el encuentro con autoridades nacionales nos ratificaron que desde el Ministerio el presupuesto es al d\u00eda de hoy de cero peso y no en el 2019 porque ni siquiera va a estar incluida la cuenta presupuestaria del GRS. Lamentablemente, esta obra se termina de cerrar, y ahora lo que tenemos que hacer \u2014porque se han presentado en tiempo y forma la documentaci\u00f3n, y el municipio ha cumplido con todo lo requerido de parte del Ministerio\u2014 es darle un cierre administrativo a la obra\u00bb.<\/p>\n<p><strong>C\u00f3mo devolver el dinero<\/strong><\/p>\n<p>Explic\u00f3 que dar el cierre administrativo a la obra \u00abes donde se nos genera el mayor problema. Tenemos que empezar a pensar en c\u00f3mo vamos a devolver el dinero que el Estado nacional nos asign\u00f3, cerca de 65 millones de pesos, porque si bien el Estado recibi\u00f3 y certific\u00f3 la totalidad de la compra de los ca\u00f1os, en el d\u00eda de hoy la Naci\u00f3n no nos va a recibir los ca\u00f1os como contraprestaci\u00f3n, y s\u00ed nos va a exigir devolver el dinero\u00bb.<\/p>\n<p>No obstante aclar\u00f3 que \u00aba favor del municipio, el Estado nacional y la Municipalidad compraron los ca\u00f1os con un d\u00f3lar entre 9 y 15 pesos, y hoy el d\u00f3lar supera los 30, con lo cual la naci\u00f3n nos va a exigir devolver a valor nominal los casi 65 millones de pesos\u00bb. Pero claro est\u00e1, la Municipalidad deber\u00e1 vender los ca\u00f1os.<\/p>\n<p>\u00abEl gobierno nacional nos pide salir al mercado con los ca\u00f1os, y es muy dif\u00edcil que un municipio pueda salir a vender ca\u00f1os que estaban destinados para una obra espec\u00edfica, y sin tener una resoluci\u00f3n del Ministerio, porque todo lo que tenemos es de manera verbal, informal, y tambi\u00e9n es muy dif\u00edcil que el Ministerio nos emita ese dictamen\u00bb, dijo Rada.<\/p>\n<p><strong>A los ca\u00f1os<\/strong><\/p>\n<p>Tras esa reuni\u00f3n Rada remarc\u00f3: \u00abAprovechamos y nos juntamos con la gente de Tenaris, la empresa que nos provey\u00f3 y fabric\u00f3 los ca\u00f1os, y pusimos a disposici\u00f3n los ca\u00f1os; lo m\u00e1s f\u00e1cil es que Tenaris hoy le compre los ca\u00f1os, nos devuelva el dinero y con esa devoluci\u00f3n del dinero nosotros poder cerrar y devolverla a la Naci\u00f3n esta obra. Lamentablemente esta obra se termina cayendo, y algo que nosotros hicimos muy bien fue cumplir y respetar los requerimientos que hizo el Estado nacional, pero hoy por un tema de presupuestos nos exigen cerrarlo\u00bb.<\/p>\n<p>Por otra parte, coment\u00f3 que \u00abse viene una herramienta complicada, por eso nos acompa\u00f1\u00f3 Jorge Lagna, y vamos a tener que trabajar con los concejales, lo hemos invitado a la reuni\u00f3n al presidente del Concejo (el edil socialista) Fabi\u00e1n Vernetti, pero lamentablemente no pudo viajar\u00bb.<\/p>\n<p>Seguidamente subray\u00f3: \u00abTenemos un as de espada que es que los ca\u00f1os hoy valen el doble; salir al mercado con esos ca\u00f1os es imposible, s\u00f3lo Tenaris puede devolvernos el dinero y cerrar un mecanismo administrativo que nos permita resolver esta situaci\u00f3n para todos. Lamentablemente, despu\u00e9s de mucho esfuerzo, muchos viajes, no pudimos cerrarlo de la mejor manera posible que era con la obra de gas realizada\u00bb.<\/p>\n<p>Agreg\u00f3 que \u00abtambi\u00e9n se va a intentar hablar con el gobernador, para ver si a trav\u00e9s de la empresa provincial de gas se podr\u00eda hacer, porque esos ca\u00f1os son necesarios para el sur de Santa Fe. El tiempo nos corre, el Estado nacional lo quiere cerrar; nosotros como administraci\u00f3n \u2014s\u00ed realmente la obra no se va a hacer\u2014 tambi\u00e9n necesitamos cerrarlo, estamos busc\u00e1ndole la vuelta, pero ya con un no contundente en lo que respecta al resto del financiamiento de la obra\u00bb.<\/p>\n<h6>Fuente: La Capital<\/h6>\n","protected":false},"excerpt":{"rendered":"<p>Los trabajos iban a beneficiar a ocho localidades santafesinas. Venado Tuerto deber\u00e1 devolver 65 millones y vender los ca\u00f1os.<\/p>\n","protected":false},"author":2,"featured_media":80770,"comment_status":"closed","ping_status":"closed","sticky":false,"template":"","format":"standard","meta":{"footnotes":""},"categories":[2],"tags":[10],"class_list":["post-80769","post","type-post","status-publish","format-standard","has-post-thumbnail","hentry","category-informe-municipal","tag-santa-fe"],"_links":{"self":[{"href":"http:\/\/argentinamunicipal.com.ar\/argentina\/wp-json\/wp\/v2\/posts\/80769","targetHints":{"allow":["GET"]}}],"collection":[{"href":"http:\/\/argentinamunicipal.com.ar\/argentina\/wp-json\/wp\/v2\/posts"}],"about":[{"href":"http:\/\/argentinamunicipal.com.ar\/argentina\/wp-json\/wp\/v2\/types\/post"}],"author":[{"embeddable":true,"href":"http:\/\/argentinamunicipal.com.ar\/argentina\/wp-json\/wp\/v2\/users\/2"}],"replies":[{"embeddable":true,"href":"http:\/\/argentinamunicipal.com.ar\/argentina\/wp-json\/wp\/v2\/comments?post=80769"}],"version-history":[{"count":0,"href":"http:\/\/argentinamunicipal.com.ar\/argentina\/wp-json\/wp\/v2\/posts\/80769\/revisions"}],"wp:featuredmedia":[{"embeddable":true,"href":"http:\/\/argentinamunicipal.com.ar\/argentina\/wp-json\/wp\/v2\/media\/80770"}],"wp:attachment":[{"href":"http:\/\/argentinamunicipal.com.ar\/argentina\/wp-json\/wp\/v2\/media?parent=80769"}],"wp:term":[{"taxonomy":"category","embeddable":true,"href":"http:\/\/argentinamunicipal.com.ar\/argentina\/wp-json\/wp\/v2\/categories?post=80769"},{"taxonomy":"post_tag","embeddable":true,"href":"http:\/\/argentinamunicipal.com.ar\/argentina\/wp-json\/wp\/v2\/tags?post=80769"}],"curies":[{"name":"wp","href":"https:\/\/api.w.org\/{rel}","templated":true}]}}