{"id":80839,"date":"2018-08-29T05:44:19","date_gmt":"2018-08-29T08:44:19","guid":{"rendered":"http:\/\/argentinamunicipal.com.ar\/argentina\/?p=80839"},"modified":"2018-08-28T18:46:41","modified_gmt":"2018-08-28T21:46:41","slug":"la-tormenta-sigue-y-sigue","status":"publish","type":"post","link":"http:\/\/argentinamunicipal.com.ar\/argentina\/la-tormenta-sigue-y-sigue\/","title":{"rendered":"La tormenta sigue y sigue"},"content":{"rendered":"<p>En medio de una nueva corrida del d\u00f3lar y mientras la econom\u00eda se derrumba, el presidente Mauricio Macri sigue sin reconocer los errores de su gesti\u00f3n y echa mano a la meteorolog\u00eda\u00a0para describir el fracaso de las pol\u00edticas vigentes. \u201cSeguimos enfrentando tormentas pero no vamos a parar\u201d, se\u00f1al\u00f3 desde Vaca Muerta apelando nuevamente a su met\u00e1fora predilecta para evitar hablar de la crisis que compromete el presente y el futuro del pa\u00eds. \u00a0A pesar de que el d\u00f3lar ya trep\u00f3 a 32,60 pesos, la econom\u00eda cae\u00a06,7 por ciento y los pron\u00f3sticos de inflaci\u00f3n superan el 32 por ciento, Macri s\u00f3lo se limit\u00f3 a invocar de manera gen\u00e9rica \u201cproblemas propios y del mundo\u201d.<\/p>\n<p>\u201cNecesitamos sacudirnos y darnos cuenta de todo lo que podemos ser capaces de hacer y hacerlo a pesar de todas las tormentas que vamos cruzando\u00a0 porque Vaca Muerta va y va, y seguimos enfrentando problemas propios y del mundo, pero esto se sigue desarrollando\u201d, se\u00f1al\u00f3 esta tarde el mandatario desde Loma Campana junto con el gobernador Omar Guti\u00e9rrez, pero sin la compa\u00f1\u00eda de Paolo Rocca, que solo particip\u00f3 de la primera parte de la recorrida por la regi\u00f3n.<\/p>\n<p>El mandatario calific\u00f3 a Vaca Muerta como \u201cuna revoluci\u00f3n positiva energ\u00e9tica para la Argentina\u201d y exhort\u00f3 a todos sus compatriotas a \u201cseguir trabajando\u201d. Insisti\u00f3 en que \u201cesa Argentina que queremos y so\u00f1amos se va a consolidar con el protagonismo de cada uno de los argentinos\u201d. Y luego agreg\u00f3, desentendi\u00e9ndose de su\u00a0responsabilidad como mandatario: \u201cNo es la Argentina que hace un presidente, o un gobernador o un intendente, es la que hacemos cada uno de los argentinos\u201d.<\/p>\n<h6>Fuente: P\u00e1gina 12<\/h6>\n","protected":false},"excerpt":{"rendered":"<p>En medio de una nueva corrida del d\u00f3lar y mientras la econom\u00eda se derrumba, el presidente Mauricio Macri sigue sin reconocer los errores de su gesti\u00f3n y echa mano a la meteorolog\u00eda\u00a0para describir el fracaso de las pol\u00edticas vigentes. <\/p>\n","protected":false},"author":2,"featured_media":80840,"comment_status":"closed","ping_status":"closed","sticky":false,"template":"","format":"standard","meta":{"footnotes":""},"categories":[8],"tags":[21],"class_list":["post-80839","post","type-post","status-publish","format-standard","has-post-thumbnail","hentry","category-informe-nacional","tag-argentina"],"_links":{"self":[{"href":"http:\/\/argentinamunicipal.com.ar\/argentina\/wp-json\/wp\/v2\/posts\/80839","targetHints":{"allow":["GET"]}}],"collection":[{"href":"http:\/\/argentinamunicipal.com.ar\/argentina\/wp-json\/wp\/v2\/posts"}],"about":[{"href":"http:\/\/argentinamunicipal.com.ar\/argentina\/wp-json\/wp\/v2\/types\/post"}],"author":[{"embeddable":true,"href":"http:\/\/argentinamunicipal.com.ar\/argentina\/wp-json\/wp\/v2\/users\/2"}],"replies":[{"embeddable":true,"href":"http:\/\/argentinamunicipal.com.ar\/argentina\/wp-json\/wp\/v2\/comments?post=80839"}],"version-history":[{"count":0,"href":"http:\/\/argentinamunicipal.com.ar\/argentina\/wp-json\/wp\/v2\/posts\/80839\/revisions"}],"wp:featuredmedia":[{"embeddable":true,"href":"http:\/\/argentinamunicipal.com.ar\/argentina\/wp-json\/wp\/v2\/media\/80840"}],"wp:attachment":[{"href":"http:\/\/argentinamunicipal.com.ar\/argentina\/wp-json\/wp\/v2\/media?parent=80839"}],"wp:term":[{"taxonomy":"category","embeddable":true,"href":"http:\/\/argentinamunicipal.com.ar\/argentina\/wp-json\/wp\/v2\/categories?post=80839"},{"taxonomy":"post_tag","embeddable":true,"href":"http:\/\/argentinamunicipal.com.ar\/argentina\/wp-json\/wp\/v2\/tags?post=80839"}],"curies":[{"name":"wp","href":"https:\/\/api.w.org\/{rel}","templated":true}]}}