{"id":80842,"date":"2018-08-29T06:47:18","date_gmt":"2018-08-29T09:47:18","guid":{"rendered":"http:\/\/argentinamunicipal.com.ar\/argentina\/?p=80842"},"modified":"2018-08-28T18:49:55","modified_gmt":"2018-08-28T21:49:55","slug":"el-pais-esta-sometido-a-un-estado-de-excepcion-permanente","status":"publish","type":"post","link":"http:\/\/argentinamunicipal.com.ar\/argentina\/el-pais-esta-sometido-a-un-estado-de-excepcion-permanente\/","title":{"rendered":"\u00abEl pa\u00eds est\u00e1 sometido a un estado de excepci\u00f3n permanente\u00bb"},"content":{"rendered":"<p>Durante una conferencia de prensa encabezada por Abuelas de Plaza de Mayo, Madres L\u00ednea Fundadora y Familiares, los organismos convocantes denunciaron que la pol\u00edtica econ\u00f3mica vigente, que perjudica a las grandes mayor\u00edas, solo se sostiene con \u00abpersecuci\u00f3n y represi\u00f3n\u00bb. Adem\u00e1s, alertaron que \u00abes el propio Estado de derecho el que est\u00e1 en peligro\u00bb.<\/p>\n<p>\u00abLos organismos de derechos humanos estamos profundamente preocupados por la situaci\u00f3n del pa\u00eds, en la que advertimos la aplicaci\u00f3n de pol\u00edticas econ\u00f3micas que el gobierno s\u00f3lo puede garantizar con represi\u00f3n. Denunciamos tambi\u00e9n, a la luz de los escandalosos e ilegales procesos judiciales contra importantes dirigentes de la oposici\u00f3n, que es el propio Estado de derecho el que est\u00e1 en peligro\u00bb, se\u00f1al\u00f3 Estela de Carlotto, la titular de Abuelas de Plaza de Mayo, al anunciar la decisi\u00f3n de un grupo de organismos de iniciar una campa\u00f1a de denuncia sobre el\u00a0 estado de excepci\u00f3n permanente instalado en el pa\u00eds por la gesti\u00f3n de Cambiemos.<\/p>\n<p>La primera acci\u00f3n ser\u00e1 presentar ante el\u00a0titular de la Corte Suprema, Ricardo Lorenzetti, un pedido de audiencia para plantear sus preocupaciones acerca del estado de derecho. El jueves, en tanto, se reunir\u00e1n con Oscar Ojea, presidente de la Conferencia Episcopal.<\/p>\n<p>La decisi\u00f3n de iniciar la campa\u00f1a fue tomada por Abuelas, Madres-L\u00ednea Fundadora, Familiares de Desaparecidos y Detenidos por Razones Pol\u00edticas, la Asamblea Permanente por los Derechos Humanos, la Liga Argentina por los Derechos del Hombre, HIJOS Capital y el Movimiento Ecum\u00e9nico por los Derechos Humanos, entre otros organismos, cuyos dirigentes subrayaron que la propia convocatoria\u00a0\u00abes un signo de unidad\u00bb. Adem\u00e1s\u00a0adelantaron que volver\u00e1n a recurrir a la ONU, a la OEA, al Vaticano\u00a0y al Parlamento Europeo para defender el estado de derecho \u00abcomo lo hicimos hace 40 a\u00f1os\u00bb.<\/p>\n<p><strong>El texto completo\u00a0<\/strong><\/p>\n<p>Los organismos de derechos humanos queremos manifestar nuestra profunda preocupaci\u00f3n por la actual situaci\u00f3n del pa\u00eds en la que advertimos la aplicaci\u00f3n de pol\u00edticas econ\u00f3micas que perjudican a las grandes mayor\u00edas y cuya aplicaci\u00f3n el gobierno s\u00f3lo puede garantizar con persecuci\u00f3n y represi\u00f3n.<\/p>\n<p>Es innegable que desde hace poco m\u00e1s de dos a\u00f1os estamos viviendo tiempos peligrosos para el ejercicio de los derechos, para el reclamo y la protesta y para opinar p\u00fablicamente de forma cr\u00edtica hacia el gobierno. Son peores a\u00fan para defenderse de las injusticias llevadas adelante por miembros del Poder Judicial.<\/p>\n<p>Denunciamos que la Argentina est\u00e1 sometida a un estado de excepci\u00f3n permanente que permite el atropello y la violaci\u00f3n de los derechos del pueblo.<\/p>\n<p>Denunciamos que, a la luz de los escandalosos e ilegales procesos judiciales que se llevan adelante contra importantes dirigentes de la oposici\u00f3n pol\u00edtica, es el propio Estado de derecho el que est\u00e1 en peligro: inversi\u00f3n de la carga de la prueba, vulneraci\u00f3n del principio de inocencia, condena sin juicio previo, abuso y distorsi\u00f3n de la prisi\u00f3n preventiva, doble est\u00e1ndar en el acceso a la justicia y violaci\u00f3n sistem\u00e1tica del debido proceso son las herramientas de persecuci\u00f3n que utiliza la justicia.<\/p>\n<p>Denunciamos que la complicidad de los grandes medios no alcanza para ocultar la crisis econ\u00f3mica, ni el endeudamiento, ni los despidos, ni el desmantelamiento de pol\u00edticas p\u00fablicas de inclusi\u00f3n.<\/p>\n<p>La realidad nos angustia pero a la vez nos exige continuar haciendo frente a tantas injusticias. Seguiremos reclamando la libertad a los presos y presas pol\u00edticas y la independencia de la justicia. Seguiremos denunciando el avance de la violencia institucional, incrementada con la aplicaci\u00f3n de decretos que otorgan a las Fuerzas Armadas actuar en asuntos de seguridad interior. Seguiremos denunciando los casos de gatillo f\u00e1cil y la militarizaci\u00f3n de zonas de frontera, y territorios habitados por las comunidades originarias. En este sentido seguiremos denunciando la persecuci\u00f3n al pueblo mapuche en la Patagonia y la criminalizaci\u00f3n de la protesta en todo el territorio argentino.<\/p>\n<p>Denunciamos tambi\u00e9n las pol\u00edticas econ\u00f3micas de miseria promovidas por el gobierno nacional y estaremos alertas, acompa\u00f1ando cada uno de los reclamos y las protestas en defensa de nuestros derechos.<\/p>\n<p>Por lo tanto, los organismos de derechos humanos acudiremos como hace cuarenta a\u00f1os a organizaciones internacionales de defensa de los derechos humanos. Volveremos a llevar nuestra voz a las Naciones Unidas, a la OEA, al Vaticano y al Parlamento Europeo. En nuestro pa\u00eds nos reuniremos con las iglesias, las representaciones diplom\u00e1ticas y los miembros de la Corte Suprema. Asimismo convocaremos a los representantes de Bloques parlamentarios, a las centrales sindicales, a los dirigentes de los movimientos sociales a defender de manera irrestricta el sistema democr\u00e1tico.<\/p>\n<h6>Fuente: P\u00e1gina 12<\/h6>\n","protected":false},"excerpt":{"rendered":"<p>Durante una conferencia de prensa encabezada por Abuelas de Plaza de Mayo, Madres L\u00ednea Fundadora y Familiares, los organismos convocantes denunciaron que la pol\u00edtica econ\u00f3mica vigente, que perjudica a las grandes mayor\u00edas, solo se sostiene con \u00abpersecuci\u00f3n y represi\u00f3n\u00bb. <\/p>\n","protected":false},"author":2,"featured_media":80843,"comment_status":"closed","ping_status":"closed","sticky":false,"template":"","format":"standard","meta":{"footnotes":""},"categories":[8],"tags":[21],"class_list":["post-80842","post","type-post","status-publish","format-standard","has-post-thumbnail","hentry","category-informe-nacional","tag-argentina"],"_links":{"self":[{"href":"http:\/\/argentinamunicipal.com.ar\/argentina\/wp-json\/wp\/v2\/posts\/80842","targetHints":{"allow":["GET"]}}],"collection":[{"href":"http:\/\/argentinamunicipal.com.ar\/argentina\/wp-json\/wp\/v2\/posts"}],"about":[{"href":"http:\/\/argentinamunicipal.com.ar\/argentina\/wp-json\/wp\/v2\/types\/post"}],"author":[{"embeddable":true,"href":"http:\/\/argentinamunicipal.com.ar\/argentina\/wp-json\/wp\/v2\/users\/2"}],"replies":[{"embeddable":true,"href":"http:\/\/argentinamunicipal.com.ar\/argentina\/wp-json\/wp\/v2\/comments?post=80842"}],"version-history":[{"count":0,"href":"http:\/\/argentinamunicipal.com.ar\/argentina\/wp-json\/wp\/v2\/posts\/80842\/revisions"}],"wp:featuredmedia":[{"embeddable":true,"href":"http:\/\/argentinamunicipal.com.ar\/argentina\/wp-json\/wp\/v2\/media\/80843"}],"wp:attachment":[{"href":"http:\/\/argentinamunicipal.com.ar\/argentina\/wp-json\/wp\/v2\/media?parent=80842"}],"wp:term":[{"taxonomy":"category","embeddable":true,"href":"http:\/\/argentinamunicipal.com.ar\/argentina\/wp-json\/wp\/v2\/categories?post=80842"},{"taxonomy":"post_tag","embeddable":true,"href":"http:\/\/argentinamunicipal.com.ar\/argentina\/wp-json\/wp\/v2\/tags?post=80842"}],"curies":[{"name":"wp","href":"https:\/\/api.w.org\/{rel}","templated":true}]}}