{"id":80845,"date":"2018-08-29T05:50:52","date_gmt":"2018-08-29T08:50:52","guid":{"rendered":"http:\/\/argentinamunicipal.com.ar\/argentina\/?p=80845"},"modified":"2018-08-28T18:53:53","modified_gmt":"2018-08-28T21:53:53","slug":"en-medio-de-la-tormenta-la-sociedad-rural-pide-mas-ajuste-y-pagar-menos-impuestos","status":"publish","type":"post","link":"http:\/\/argentinamunicipal.com.ar\/argentina\/en-medio-de-la-tormenta-la-sociedad-rural-pide-mas-ajuste-y-pagar-menos-impuestos\/","title":{"rendered":"En medio de la \u201ctormenta\u201d, la Sociedad Rural pide m\u00e1s ajuste y pagar menos impuestos"},"content":{"rendered":"<p>\u201cUn Estado que est\u00e1 muy agrandado implica un nivel impositivo que es asfixiante para el campo\u201d, sostuvo el titular de la entidad, Daniel Pelegrina. Su antecesor, Luis Etchevehere, es el actual ministro de Agroindustria.<\/p>\n<p>El titular de la\u00a0Sociedad Rural Argentina (SRA), Daniel Pelegrina, sostuvo este domingo que \u201cun Estado\u00a0que est\u00e1 muy agrandado\u00a0implica\u00a0un nivel impositivo que es asfixiante\u00a0para el campo\u201d. En t\u00e9rminos pol\u00edticos, exigir un Estado m\u00e1s chico entra\u00f1a, necesariamente,\u00a0m\u00e1s ajuste.<\/p>\n<p>Por otra parte, Pelegrina se mostr\u00f3 preocupado por \u201cla volatilidad del d\u00f3lar, porque eso hace que se pierdan las referencias\u201d y expres\u00f3 que se necesita \u201cestabilidad\u201d.<\/p>\n<p>Desde la asunci\u00f3n de Cambiemos en el Gobierno y la gesti\u00f3n del ex titular de la entidad rural,\u00a0Miguel Etchevehere, al frente de la cartera de Agroindustria, el sector fue beneficiado con\u00a0la\u00a0quita de retenciones a las exportaciones de ma\u00edz y trigo, y con\u00a0la reducci\u00f3n de las mismas sobre la soja, entre otros aspectos.<\/p>\n<p>En declaraciones al programa Tranqui120, que se emite por Radio estaci\u00f3n Sur, tambi\u00e9n pidi\u00f3 \u201cseguir trabajando en log\u00edsitca\u201d y \u201cen infraestructura\u201d.<\/p>\n<p>Por \u00faltimo, el representante de uno de los sectores m\u00e1s beneficiados de las pol\u00edticas econ\u00f3micas de los \u00faltimos dos a\u00f1os y medio expres\u00f3: \u201cpedimos que nos valoricen y\u00a0nos dejen hacer\u00a0porque creemos que vamos a ser uno de los motores que va a contribuir al desarrollo argentino\u201d.<\/p>\n<h6>Fuente: InfoNews<\/h6>\n","protected":false},"excerpt":{"rendered":"<p>\u201cUn Estado que est\u00e1 muy agrandado implica un nivel impositivo que es asfixiante para el campo\u201d, sostuvo el titular de la entidad, Daniel Pelegrina. Su antecesor, Luis Etchevehere, es el actual ministro de Agroindustria.\u00a0<\/p>\n","protected":false},"author":2,"featured_media":80846,"comment_status":"closed","ping_status":"closed","sticky":false,"template":"","format":"standard","meta":{"footnotes":""},"categories":[8],"tags":[21],"class_list":["post-80845","post","type-post","status-publish","format-standard","has-post-thumbnail","hentry","category-informe-nacional","tag-argentina"],"_links":{"self":[{"href":"http:\/\/argentinamunicipal.com.ar\/argentina\/wp-json\/wp\/v2\/posts\/80845","targetHints":{"allow":["GET"]}}],"collection":[{"href":"http:\/\/argentinamunicipal.com.ar\/argentina\/wp-json\/wp\/v2\/posts"}],"about":[{"href":"http:\/\/argentinamunicipal.com.ar\/argentina\/wp-json\/wp\/v2\/types\/post"}],"author":[{"embeddable":true,"href":"http:\/\/argentinamunicipal.com.ar\/argentina\/wp-json\/wp\/v2\/users\/2"}],"replies":[{"embeddable":true,"href":"http:\/\/argentinamunicipal.com.ar\/argentina\/wp-json\/wp\/v2\/comments?post=80845"}],"version-history":[{"count":0,"href":"http:\/\/argentinamunicipal.com.ar\/argentina\/wp-json\/wp\/v2\/posts\/80845\/revisions"}],"wp:featuredmedia":[{"embeddable":true,"href":"http:\/\/argentinamunicipal.com.ar\/argentina\/wp-json\/wp\/v2\/media\/80846"}],"wp:attachment":[{"href":"http:\/\/argentinamunicipal.com.ar\/argentina\/wp-json\/wp\/v2\/media?parent=80845"}],"wp:term":[{"taxonomy":"category","embeddable":true,"href":"http:\/\/argentinamunicipal.com.ar\/argentina\/wp-json\/wp\/v2\/categories?post=80845"},{"taxonomy":"post_tag","embeddable":true,"href":"http:\/\/argentinamunicipal.com.ar\/argentina\/wp-json\/wp\/v2\/tags?post=80845"}],"curies":[{"name":"wp","href":"https:\/\/api.w.org\/{rel}","templated":true}]}}