{"id":81031,"date":"2018-08-31T06:35:45","date_gmt":"2018-08-31T09:35:45","guid":{"rendered":"http:\/\/argentinamunicipal.com.ar\/argentina\/?p=81031"},"modified":"2018-08-30T19:15:28","modified_gmt":"2018-08-30T22:15:28","slug":"festram-va-al-paro-por-el-conflicto-en-la-comuna-de-beltran","status":"publish","type":"post","link":"http:\/\/argentinamunicipal.com.ar\/argentina\/festram-va-al-paro-por-el-conflicto-en-la-comuna-de-beltran\/","title":{"rendered":"Festram va al paro por el conflicto en la comuna de Beltr\u00e1n"},"content":{"rendered":"<p>La entidad resolvi\u00f3 adem\u00e1s adherir al paro dispuesto por la CGT para el pr\u00f3ximo 25 de septiembre.<\/p>\n<p>La Federaci\u00f3n Santafesina de Trabajadores Municipales (Festram) resolvi\u00f3 realizar un paro de 48 horas a partir del pr\u00f3ximo 20 de septiembre por el conflicto en Fray Luis Beltr\u00e1n y, adem\u00e1s, confirm\u00f3 que adherir\u00e1 a la medida de fuerza impulsada por la CGT para el pr\u00f3ximo 25 de septiembre.<br \/>\nLa decisi\u00f3n fue tomada en el plenario de la entidad realizado en horas de la tarde de hoy. Se decidi\u00f3 que, si el jefe comunal de Fray Luis Beltr\u00e1n no reincorpora a los trabajadores despedidos, ir\u00e1n a la huelga. La protesta incluir\u00e1 tambi\u00e9n una marcha a la sede comunal de la ciudad del cord\u00f3n industrial.<\/p>\n<p>La conciliaci\u00f3n obligatoria fue dictada el pasado 7 de agosto por el Ministerio de Trabajo provincial en el marco del conflicto suscitado por el despido de siete trabajadores de la comuna de Beltr\u00e1n. Como la disputa persisti\u00f3, el 16 de agosto se realiz\u00f3 otra audiencia que tampoco resolvi\u00f3 la controversia.<\/p>\n<p>Festram tambi\u00e9n defini\u00f3 que se sumar\u00e1 al paro convocado por la Confederaci\u00f3n General del Trabajo (CGT), previsto para el martes 25 de septiembre. La medida se tom\u00f3 en el marco de la lucha sindical que llevan adelante las organizaciones gremiales en repudio el modelo econ\u00f3mico del gobierno nacional.<\/p>\n<h6>Fuente: La Capital<\/h6>\n","protected":false},"excerpt":{"rendered":"<p>La entidad resolvi\u00f3 adem\u00e1s adherir al paro dispuesto por la CGT para el pr\u00f3ximo 25 de septiembre.<\/p>\n","protected":false},"author":2,"featured_media":81032,"comment_status":"closed","ping_status":"closed","sticky":false,"template":"","format":"standard","meta":{"footnotes":""},"categories":[7],"tags":[10],"class_list":["post-81031","post","type-post","status-publish","format-standard","has-post-thumbnail","hentry","category-informe-sindical","tag-santa-fe"],"_links":{"self":[{"href":"http:\/\/argentinamunicipal.com.ar\/argentina\/wp-json\/wp\/v2\/posts\/81031","targetHints":{"allow":["GET"]}}],"collection":[{"href":"http:\/\/argentinamunicipal.com.ar\/argentina\/wp-json\/wp\/v2\/posts"}],"about":[{"href":"http:\/\/argentinamunicipal.com.ar\/argentina\/wp-json\/wp\/v2\/types\/post"}],"author":[{"embeddable":true,"href":"http:\/\/argentinamunicipal.com.ar\/argentina\/wp-json\/wp\/v2\/users\/2"}],"replies":[{"embeddable":true,"href":"http:\/\/argentinamunicipal.com.ar\/argentina\/wp-json\/wp\/v2\/comments?post=81031"}],"version-history":[{"count":0,"href":"http:\/\/argentinamunicipal.com.ar\/argentina\/wp-json\/wp\/v2\/posts\/81031\/revisions"}],"wp:featuredmedia":[{"embeddable":true,"href":"http:\/\/argentinamunicipal.com.ar\/argentina\/wp-json\/wp\/v2\/media\/81032"}],"wp:attachment":[{"href":"http:\/\/argentinamunicipal.com.ar\/argentina\/wp-json\/wp\/v2\/media?parent=81031"}],"wp:term":[{"taxonomy":"category","embeddable":true,"href":"http:\/\/argentinamunicipal.com.ar\/argentina\/wp-json\/wp\/v2\/categories?post=81031"},{"taxonomy":"post_tag","embeddable":true,"href":"http:\/\/argentinamunicipal.com.ar\/argentina\/wp-json\/wp\/v2\/tags?post=81031"}],"curies":[{"name":"wp","href":"https:\/\/api.w.org\/{rel}","templated":true}]}}