{"id":81534,"date":"2018-09-11T06:00:17","date_gmt":"2018-09-11T09:00:17","guid":{"rendered":"http:\/\/argentinamunicipal.com.ar\/argentina\/?p=81534"},"modified":"2018-09-10T19:18:52","modified_gmt":"2018-09-10T22:18:52","slug":"jubilados-con-menor-poder-adquisitivo","status":"publish","type":"post","link":"http:\/\/argentinamunicipal.com.ar\/argentina\/jubilados-con-menor-poder-adquisitivo\/","title":{"rendered":"Jubilados con menor poder adquisitivo"},"content":{"rendered":"<p>El defensor de la Tercera Edad, Eduardo Semino, denunci\u00f3 que los\u00a0jubilados y pensionados acumulan una p\u00e9rdida del 9,7 por ciento\u00a0en su poder adquisitivo en el \u00faltimo a\u00f1o y cerrar\u00e1n el 2018 con un retroceso de 13 puntos porcentuales, seg\u00fan las estimaciones del informe oficial del Ministerio de Hacienda que estim\u00f3 una inflaci\u00f3n del 42 por ciento para fin de este a\u00f1o.<\/p>\n<p>\u00abAlgunos de la oposici\u00f3n agitaron fantasmas y dijeron que \u00edbamos a sacarle el dinero a los jubilados\u00bb, defendi\u00f3 el titular de la Anses, Emilio Basavilbaso, el cambio de f\u00f3rmula de actualizaci\u00f3n jubilatoria impuesto por el Gobierno en diciembre pasado.<\/p>\n<p>Seg\u00fan la Defensor\u00eda de la Tercera Edad,\u00a0la p\u00e9rdida se registra porque los jubilados y pensionados observaron incrementos del 19,2 por ciento en sus ingresos en los \u00faltimos doce meses, mientras la inflaci\u00f3n se ubic\u00f3 en torno entre 32 por ciento y 33 por ciento, de acuerdo a la informaci\u00f3n del\u00a0INDEC que ser\u00e1 difundida esta semana. Con esas estimaciones sobre la mesa, Semino resalt\u00f3 que\u00a0 \u00abla aplicaci\u00f3n completa de la Ley de Movilidad, ya con el c\u00e1lculo de diciembre, va a estar en un reajuste del 29 por ciento cuando las estimaciones de inflaci\u00f3n superan el 40 por ciento\u00bb.<\/p>\n<p>Sin embargo, el titular del Anses insisti\u00f3 en defender la f\u00f3rmula de movilidad impulsada por el Gobierno en diciembre pasado\u00a0y sostuvo que \u00abel sector de los jubilados est\u00e1 protegido\u00bb, mientras que acus\u00f3 a la oposici\u00f3n por \u00abagitar fantasmas\u00bb. De todas formas, Basalvibaso, en di\u00e1logo con Radio La Red, admiti\u00f3 que \u00aba\u00a0veces hay un atraso con la recuperaci\u00f3n\u00bb respecto de la inflaci\u00f3n.<\/p>\n<p>En ese contexto, el defensor de la Tercera Edad advirti\u00f3 que los jubilados enfrentan\u00a0\u00abun escenario muy complejo en medio de la crisis econ\u00f3mica con alta inflaci\u00f3n\u00bb, aunque valor\u00f3 el bono que otorgar\u00e1 el Gobierno para paliar la situaci\u00f3n frente a la crisis econ\u00f3mica.<\/p>\n<p>En tanto, Basavilbaso confirm\u00f3 que\u00a0unos 140 mil jubilados, que estaban cobrando la \u00abreparaci\u00f3n hist\u00f3rica\u00bb desde 2016, ver\u00e1n suspendido el pago de esa suma extra a partir de octubre, ya que no cumplimentaron con\u00a0el paso legal exigido por la ANSeS. Se trata de los jubilados que comenzaron a percibir de forma anticipada el pago del reajuste de su jubilaci\u00f3n, pero que no aceptaron el acuerdo propuesta por el Poder Ejecutivo.<\/p>\n<p>Seg\u00fan detall\u00f3 Semino, son\u00a01.300.000 los jubilados que cumplieron con los requisitos que puso la Anses, mientras que critic\u00f3 la quita ordenada por el Anses para los\u00a0140 mil que no lo hicieron. \u00abSi el Estado empez\u00f3 a pagarlo no puede suspenderlo, porque incluso tendr\u00eda que haber esperado el requisito previo para pagarlo. Estamos hablando de personas que no son nativas para este tipo de tr\u00e1mites inform\u00e1ticos que es simple pero para lo cual hay jubilados que ni siquiera se han enterado\u00bb, sostuvo Semino.<\/p>\n<h6>Fuente: P\u00e1gina 12<\/h6>\n","protected":false},"excerpt":{"rendered":"<p>El defensor de la Tercera Edad, Eduardo Semino, denunci\u00f3 que los\u00a0jubilados y pensionados acumulan una p\u00e9rdida del 9,7 por ciento\u00a0en su poder adquisitivo en el \u00faltimo a\u00f1o y cerrar\u00e1n el 2018 con un retroceso de 13 puntos porcentuales<\/p>\n","protected":false},"author":2,"featured_media":81535,"comment_status":"closed","ping_status":"closed","sticky":false,"template":"","format":"standard","meta":{"footnotes":""},"categories":[8],"tags":[21],"class_list":["post-81534","post","type-post","status-publish","format-standard","has-post-thumbnail","hentry","category-informe-nacional","tag-argentina"],"_links":{"self":[{"href":"http:\/\/argentinamunicipal.com.ar\/argentina\/wp-json\/wp\/v2\/posts\/81534","targetHints":{"allow":["GET"]}}],"collection":[{"href":"http:\/\/argentinamunicipal.com.ar\/argentina\/wp-json\/wp\/v2\/posts"}],"about":[{"href":"http:\/\/argentinamunicipal.com.ar\/argentina\/wp-json\/wp\/v2\/types\/post"}],"author":[{"embeddable":true,"href":"http:\/\/argentinamunicipal.com.ar\/argentina\/wp-json\/wp\/v2\/users\/2"}],"replies":[{"embeddable":true,"href":"http:\/\/argentinamunicipal.com.ar\/argentina\/wp-json\/wp\/v2\/comments?post=81534"}],"version-history":[{"count":0,"href":"http:\/\/argentinamunicipal.com.ar\/argentina\/wp-json\/wp\/v2\/posts\/81534\/revisions"}],"wp:featuredmedia":[{"embeddable":true,"href":"http:\/\/argentinamunicipal.com.ar\/argentina\/wp-json\/wp\/v2\/media\/81535"}],"wp:attachment":[{"href":"http:\/\/argentinamunicipal.com.ar\/argentina\/wp-json\/wp\/v2\/media?parent=81534"}],"wp:term":[{"taxonomy":"category","embeddable":true,"href":"http:\/\/argentinamunicipal.com.ar\/argentina\/wp-json\/wp\/v2\/categories?post=81534"},{"taxonomy":"post_tag","embeddable":true,"href":"http:\/\/argentinamunicipal.com.ar\/argentina\/wp-json\/wp\/v2\/tags?post=81534"}],"curies":[{"name":"wp","href":"https:\/\/api.w.org\/{rel}","templated":true}]}}