{"id":81950,"date":"2018-09-24T06:47:11","date_gmt":"2018-09-24T09:47:11","guid":{"rendered":"http:\/\/argentinamunicipal.com.ar\/argentina\/?p=81950"},"modified":"2018-09-24T06:47:11","modified_gmt":"2018-09-24T09:47:11","slug":"sin-trabajo-estable-ni-changas-la-realidad-en-muchos-barrios-santafesinos","status":"publish","type":"post","link":"http:\/\/argentinamunicipal.com.ar\/argentina\/sin-trabajo-estable-ni-changas-la-realidad-en-muchos-barrios-santafesinos\/","title":{"rendered":"Sin trabajo estable ni changas, la realidad en muchos barrios santafesinos"},"content":{"rendered":"<p>Referentes vecinales de Villa del Parque, Centenario, Alto Verde, Santa Rosa de Lima, La Tablada y San Agust\u00edn; realizan una lectura del panorama actual para muchas familias santafesinas.<\/p>\n<p>De acuerdo a los datos aportados por Instituto nacional de Estad\u00edstica y Censos (Indec), para no caer en la pobreza una familia tipo necesit\u00f3 21 mil pesos en agosto, aproximadamente, \u2013de acuerdo al relevamiento\u00a0realizado en la Ciudad Aut\u00f3noma de Buenos Aires. Teniendo en cuenta ese guarismo, no es dif\u00edcil imaginar las dificultades que est\u00e1n atravesando en la actualidad aquellos que perciben un haber m\u00ednimo jubilatorio que representa $8.637,13 a partir del 1 de septiembre, cuando se aplic\u00f3 un aumento del 6,68%; o que solo cuentan con el respaldo de una Asignaci\u00f3n Universal por Hijo de $1.684.<\/p>\n<p>El mismo impacto sienten aquellos que perciben la Puam (Pensi\u00f3n Universal para el Adulto Mayor) que ahora alcanz\u00f3 los $6.909,70 o una Asignaci\u00f3n Universal para Hijo con Discapacidad de $5.491.<\/p>\n<p>Y de igual modo est\u00e1n los que est\u00e1n desempleados en el Gran Santa Fe (Santa Fe, Santo Tom\u00e9, San Jos\u00e9 del Rinc\u00f3n, Arroyo Leyes, Recreo y Sauce Viejo), 15.000 personas de acuerdo a lo reflejado por la Encuesta Permanente de Hogares del Indec en el segundo trimestre de 2018. Algunos de estos \u00faltimos pueden haber tramitado el subsidio nacional de cobertura para este tipo de casos que alcanza los $3.982. Todas cifras muy lejanas de la suma que necesita una familia tipo para cubrir sus necesidades alimentarias.<\/p>\n<p>\u201cLamentablemente puedo afirmar que cada vez hay m\u00e1s desempleados en el barrio. No hay trabajo y tampoco changas. Se cort\u00f3 todo y la gente est\u00e1 desesperada\u201d, asegur\u00f3 a\u00a0UNO\u00a0Santa Fe\u00a0Mar\u00eda Ledesma, la presidenta de la vecinal Villa del Parque, quien afirm\u00f3 que en la zona se vislumbra un importante incremento de pedidos de asistencia en los comedores.<\/p>\n<p>\u201cEn el comedor Teresa Rocco \u2013ubicado en Padre Catena 4500\u2013, donde se ofrece desayuno, almuerzo y vianda nocturna a adultos mayores, el n\u00famero de asistidos se increment\u00f3 notablemente. De 28 que iban el a\u00f1o pasado, pasaron a tener 35, m\u00e1s los 19 que solo llevan vianda por no poder concurrir\u201d, agreg\u00f3 la mujer.<\/p>\n<p>Un panorama similar describi\u00f3 sobre su barrio el vecinalista de Santa Rosa de Lima, Miguel Ver\u00f3n, al detallar que en los \u00faltimos meses se vieron obligados a incrementar en un 25% el n\u00famero de raciones del comedor nocturno que funciona en la sede de su entidad, teniendo en cuenta que antes cocinaban una olla y media de 100 litros y hoy s\u00ed o s\u00ed deben hacer dos.<\/p>\n<p>Asimismo, el hombre afirm\u00f3 que por estos d\u00edas asisten al comedor vecinos que \u00abnunca hab\u00eda imaginado ver, porque era gente que siempre estuvo pele\u00e1ndola pero dentro de todo estaba bien, ten\u00eda sus changas y ahora no tiene otra alternativa para darle de comer a sus hijos\u00bb.<\/p>\n<p>Desde su Alto Verde natal, Rolando, del paraje La Boca, tambi\u00e9n le coment\u00f3 a\u00a0UNO\u00a0Santa Fe\u00a0que la situaci\u00f3n de sus vecinos \u201cest\u00e1 muy complicada\u201d y asever\u00f3: \u201cEn nuestro paraje, la mayor\u00eda se dedica a la pesca y la alba\u00f1iler\u00eda, y este segundo rubro est\u00e1 muy resentido ahora. La gente la est\u00e1 pasando mal, incluso los que salen a cortar pasto nos cuentan que ya no est\u00e1n trabajando como antes, a pesar de ser una changa dentro de todo barata\u201d.<\/p>\n<p>Al respecto, detall\u00f3 que \u201cson cada vez m\u00e1s los que se nos acercan a preguntar si tenemos algo para dar\u00bb. \u00abSon tiempos muy duros\u201d, dijo.<\/p>\n<p><strong>Otros barrios<\/strong><\/p>\n<p>Panorama aparte tienen los vecinos de San Agust\u00edn y La Tablada. Hasta all\u00ed llegan todos los fines de semana los j\u00f3venes del grupo de autoconvocados Lazos, quienes impulsan una copa de leche en el primer barrio y adem\u00e1s est\u00e1n juntando fondos para organizar un comedor nocturno en el segundo.<\/p>\n<p>\u201cLos mismos vecinos fueron los que comenzaron a gestar la idea del espacio comunitario para la cena, cuando empezaron a notar que cada vez se les hac\u00eda m\u00e1s dif\u00edcil conseguir los insumos para preparar una comida en sus casas\u201d, cont\u00f3 Sof\u00eda, una de las voluntarias. Y agreg\u00f3: \u201cAc\u00e1 la falta de trabajo es una constante\u201d.<\/p>\n<p>Coincidente con sus dichos opinaron los vecinos de Centenario, que colaboran en distintas instituciones de la zona y fueron consultados por este medio a los fines de tener una radiograf\u00eda de c\u00f3mo se vive \u201cla crisis\u201d en los barrios de la ciudad capital de la provincia.<\/p>\n<p>En esa l\u00ednea, Jos\u00e9, presidente de esa vecinal, asegur\u00f3: \u201cLa frase \u00abhacer la diaria\u00bb volvi\u00f3 a estar en el vocabulario de los vecinos que antes ten\u00edan por lo menos trabajos temporales que pod\u00edan darle una seguridad. Hoy notamos m\u00e1s necesidades\u201d, cerr\u00f3.<\/p>\n<h6>Fuente: Uno<\/h6>\n","protected":false},"excerpt":{"rendered":"<p>Referentes vecinales de Villa del Parque, Centenario, Alto Verde, Santa Rosa de Lima, La Tablada y San Agust\u00edn; realizan una lectura del panorama actual para muchas familias santafesinas.<\/p>\n","protected":false},"author":2,"featured_media":81951,"comment_status":"closed","ping_status":"closed","sticky":false,"template":"","format":"standard","meta":{"footnotes":""},"categories":[2],"tags":[10],"class_list":["post-81950","post","type-post","status-publish","format-standard","has-post-thumbnail","hentry","category-informe-municipal","tag-santa-fe"],"_links":{"self":[{"href":"http:\/\/argentinamunicipal.com.ar\/argentina\/wp-json\/wp\/v2\/posts\/81950","targetHints":{"allow":["GET"]}}],"collection":[{"href":"http:\/\/argentinamunicipal.com.ar\/argentina\/wp-json\/wp\/v2\/posts"}],"about":[{"href":"http:\/\/argentinamunicipal.com.ar\/argentina\/wp-json\/wp\/v2\/types\/post"}],"author":[{"embeddable":true,"href":"http:\/\/argentinamunicipal.com.ar\/argentina\/wp-json\/wp\/v2\/users\/2"}],"replies":[{"embeddable":true,"href":"http:\/\/argentinamunicipal.com.ar\/argentina\/wp-json\/wp\/v2\/comments?post=81950"}],"version-history":[{"count":0,"href":"http:\/\/argentinamunicipal.com.ar\/argentina\/wp-json\/wp\/v2\/posts\/81950\/revisions"}],"wp:featuredmedia":[{"embeddable":true,"href":"http:\/\/argentinamunicipal.com.ar\/argentina\/wp-json\/wp\/v2\/media\/81951"}],"wp:attachment":[{"href":"http:\/\/argentinamunicipal.com.ar\/argentina\/wp-json\/wp\/v2\/media?parent=81950"}],"wp:term":[{"taxonomy":"category","embeddable":true,"href":"http:\/\/argentinamunicipal.com.ar\/argentina\/wp-json\/wp\/v2\/categories?post=81950"},{"taxonomy":"post_tag","embeddable":true,"href":"http:\/\/argentinamunicipal.com.ar\/argentina\/wp-json\/wp\/v2\/tags?post=81950"}],"curies":[{"name":"wp","href":"https:\/\/api.w.org\/{rel}","templated":true}]}}