{"id":81956,"date":"2018-09-24T06:58:30","date_gmt":"2018-09-24T09:58:30","guid":{"rendered":"http:\/\/argentinamunicipal.com.ar\/argentina\/?p=81956"},"modified":"2018-09-24T06:58:30","modified_gmt":"2018-09-24T09:58:30","slug":"primer-estudio-piloto-del-pais-en-chabas-para-desarrollo-agroecologico","status":"publish","type":"post","link":"http:\/\/argentinamunicipal.com.ar\/argentina\/primer-estudio-piloto-del-pais-en-chabas-para-desarrollo-agroecologico\/","title":{"rendered":"Primer estudio piloto del pa\u00eds en Chab\u00e1s para desarrollo agroecol\u00f3gico"},"content":{"rendered":"<p>Buscan implementar un \u00e1rea periurbana de producci\u00f3n, incorporando propuestas de un paradigma definido como escudo verde.<\/p>\n<p>La localidad de Chab\u00e1s ser\u00e1 epicentro entre hoy y ma\u00f1ana del primer estudio piloto a nivel nacional con la vista puesta en el ordenamiento territorial y la implementaci\u00f3n en el \u00e1rea periurbana de un desarrollo de producci\u00f3n agroecol\u00f3gica, incorporando metodolog\u00edas y propuestas enmarcadas dentro del paradigma definido como escudo verde.<\/p>\n<p>El trabajo ser\u00e1 realizado por investigadores pertenecientes al Grupo de Ecolog\u00eda del Paisaje y Medio Ambiente (Gepama) de la Universidad de Buenos Aires (UBA) bajo la direcci\u00f3n del reconocido especialista en la materia, Walter Pengue.<\/p>\n<p><strong>Conocimiento del pueblo<\/strong><\/p>\n<p>El profesional ya conoce este pueblo del departamento Caseros donde particip\u00f3 de las jornadas de agroecolog\u00eda desarrollas en el marco de la Feria y Seminario de Producciones Alternativas (Fespal). Ese hecho abri\u00f3 las puertas para organizar y llevar adelante el referido estudio exploratorio, que se aclar\u00f3 ser\u00e1, \u00edntegramente, financiado por parte del rectorado de la UBA.<\/p>\n<p>As\u00ed lo explic\u00f3 el jefe comunal, Lucas Lesgart, en declaraciones a la p\u00e1gina web de noticias Ahora Casilda donde adem\u00e1s indic\u00f3 que la prioridad de su gesti\u00f3n es velar por el cuidado de la salud de la poblaci\u00f3n y el medio ambiente.<\/p>\n<p>Y ese criterio tiene como principal fuente de inspiraci\u00f3n el diagn\u00f3stico aportado por el campamento sanitario desarrollado a nivel local en 2014 y cuyos resultados finales se conocieron p\u00fablicamente en 2017 tras un puntilloso an\u00e1lisis, de lo cual dio cuenta oportunamente La Capital.<\/p>\n<p><strong>Datos significativos<\/strong><\/p>\n<p>El trabajo, llevado adelante por un equipo de docentes de la Facultad de Ciencias M\u00e9dicas de la Universidad Nacional de Rosario (UNR) con la participaci\u00f3n de estudiantes avanzados en el marco del ciclo de pr\u00e1ctica final de la carrera, revel\u00f3, entre otros datos significativos, que \u00ablos tumores son la principal causa de muerte en Chab\u00e1s en los \u00faltimos 15 a\u00f1os\u00bb.<\/p>\n<p>El mandatario chabasense adem\u00e1s confirm\u00f3 que se encuentra previsto para el mes que viene la puesta en marcha en la localidad de un relevamiento ambiental tendiente a analizar el estado y calidad del suelo as\u00ed como del aire y el agua, lo que tambi\u00e9n contribuir\u00e1 a fortalecer las pol\u00edticas p\u00fablicas de salud en esta comunidad del sur santafesino.<\/p>\n<h6>Fuente: La Capital<\/h6>\n","protected":false},"excerpt":{"rendered":"<p>Buscan implementar un \u00e1rea periurbana de producci\u00f3n, incorporando propuestas de un paradigma definido como escudo verde.<\/p>\n","protected":false},"author":2,"featured_media":81957,"comment_status":"closed","ping_status":"closed","sticky":false,"template":"","format":"standard","meta":{"footnotes":""},"categories":[2],"tags":[10],"class_list":["post-81956","post","type-post","status-publish","format-standard","has-post-thumbnail","hentry","category-informe-municipal","tag-santa-fe"],"_links":{"self":[{"href":"http:\/\/argentinamunicipal.com.ar\/argentina\/wp-json\/wp\/v2\/posts\/81956","targetHints":{"allow":["GET"]}}],"collection":[{"href":"http:\/\/argentinamunicipal.com.ar\/argentina\/wp-json\/wp\/v2\/posts"}],"about":[{"href":"http:\/\/argentinamunicipal.com.ar\/argentina\/wp-json\/wp\/v2\/types\/post"}],"author":[{"embeddable":true,"href":"http:\/\/argentinamunicipal.com.ar\/argentina\/wp-json\/wp\/v2\/users\/2"}],"replies":[{"embeddable":true,"href":"http:\/\/argentinamunicipal.com.ar\/argentina\/wp-json\/wp\/v2\/comments?post=81956"}],"version-history":[{"count":0,"href":"http:\/\/argentinamunicipal.com.ar\/argentina\/wp-json\/wp\/v2\/posts\/81956\/revisions"}],"wp:featuredmedia":[{"embeddable":true,"href":"http:\/\/argentinamunicipal.com.ar\/argentina\/wp-json\/wp\/v2\/media\/81957"}],"wp:attachment":[{"href":"http:\/\/argentinamunicipal.com.ar\/argentina\/wp-json\/wp\/v2\/media?parent=81956"}],"wp:term":[{"taxonomy":"category","embeddable":true,"href":"http:\/\/argentinamunicipal.com.ar\/argentina\/wp-json\/wp\/v2\/categories?post=81956"},{"taxonomy":"post_tag","embeddable":true,"href":"http:\/\/argentinamunicipal.com.ar\/argentina\/wp-json\/wp\/v2\/tags?post=81956"}],"curies":[{"name":"wp","href":"https:\/\/api.w.org\/{rel}","templated":true}]}}