{"id":82852,"date":"2018-10-17T06:12:23","date_gmt":"2018-10-17T09:12:23","guid":{"rendered":"http:\/\/argentinamunicipal.com.ar\/argentina\/?p=82852"},"modified":"2018-10-16T20:14:14","modified_gmt":"2018-10-16T23:14:14","slug":"el-relato-de-dujovne-dijo-que-la-caida-del-salario-se-recuperara-con-la-baja-de-inflacion","status":"publish","type":"post","link":"http:\/\/argentinamunicipal.com.ar\/argentina\/el-relato-de-dujovne-dijo-que-la-caida-del-salario-se-recuperara-con-la-baja-de-inflacion\/","title":{"rendered":"El relato de Dujovne: dijo que la ca\u00edda del salario se recuperar\u00e1 con \u00abla baja de inflaci\u00f3n\u00bb"},"content":{"rendered":"<p>El ministro ofici\u00f3 de vocero tras la reuni\u00f3n de Gabinete Nacional:\u00a0\u00abNo ha sido un a\u00f1o de mejora en el salario real\u00bb, reconoci\u00f3. Pronostic\u00f3 una supuesta recuperaci\u00f3n al estilo \u00abbrotes verdes\u00bb y \u00abluz al final del t\u00fanel\u00bb.<\/p>\n<p>El ministro de Hacienda, Nicol\u00e1s Dujovne admiti\u00f3:\u00a0\u00abNo ha sido un a\u00f1o de mejora en el salario real\u00bb,\u00a0y prometi\u00f3:\u00a0\u00abTrabajamos para que baje la tasa de inflaci\u00f3n, que va a permitir genuinamente recuperar un aumento en los salarios reales\u00bb.<\/p>\n<p>Dujovne atribuy\u00f3 la ca\u00edda salarial a la escalada del d\u00f3lar: \u00abLamentablemente, producto de\u00a0la aceleraci\u00f3n inflacionaria\u00a0que gener\u00f3 el movimiento del tipo de cambio este a\u00f1o, en promedio tenemos una ca\u00edda en los salarios reales que esperamos que empiece a ser revertida de la mano de la baja de inflaci\u00f3n en los pr\u00f3ximos meses\u00bb.<\/p>\n<p>El ministro de Hacienda admiti\u00f3 que este a\u00f1o cerrar\u00e1 con\u00a0una ca\u00edda del salario real por la devaluaci\u00f3n del peso.\u00bbCada sector tiene distintas paritarias\u00bb, se\u00f1al\u00f3 sin dar una aproximaci\u00f3n a la ca\u00edda.<\/p>\n<p>Nuevamente volvi\u00f3 con el\u00a0tema del optimismo: \u00abHay una fort\u00edsima reacci\u00f3n de las exportaciones de bienes y de servicios, de turismo, todo lo que generar\u00e1 un movimiento econ\u00f3n\u00f3mico muy fuerte\u00bb.<\/p>\n<p>Dujovne, reconoci\u00f3 hoy que por la \u00abaceleraci\u00f3n inflacionaria\u00bb hay \u00abuna ca\u00edda de los salarios reales\u00bb, aunque manifest\u00f3 que el Gobierno espera que esa situaci\u00f3n \u00abempiece a ser revertida de la mano de la baja de la inflaci\u00f3n en los pr\u00f3ximos meses\u00bb.<\/p>\n<p>\u00abDespu\u00e9s de un a\u00f1o como 2017, con un fuerte incremento de los salarios reales, lamentablemente por la aceleraci\u00f3n inflacionaria que gener\u00f3 un movimiento del tipo de cambio en promedio tenemos una ca\u00edda de los salarios reales. Esperamos que empiece a ser revertida de la mano de la baja de la inflaci\u00f3n en los pr\u00f3ximos meses\u00bb, sostuvo el funcionario nacional.<\/p>\n<p>En conferencia de prensa tras la reuni\u00f3n de Gabinete que encabez\u00f3 el presidente Mauricio Macri en la Casa Rosada, el jefe del equipo econ\u00f3mico evit\u00f3 dar n\u00fameros\u00a0respecto a esa ca\u00edda y explic\u00f3 que \u00abno hay proyecci\u00f3n dado que cada sector econ\u00f3mico tienen paritarias distintas, distintas realidades\u00bb.<\/p>\n<p>\u00abEn promedio no fue un a\u00f1o de mejora salarial, que se van a recuperar genuinamente con la ca\u00edda de la inflaci\u00f3n\u00bb, insisti\u00f3 Dujovne.<br \/>\nDe todas maneras, el ministro de Hacienda subray\u00f3 que el Gobierno ve \u00abcon mucho optimismo lo que est\u00e1 ocurriendo con el sector externo de la Argentina, en que se ve una fort\u00edsima reacci\u00f3n de las exportaciones, con el turismo, exportaciones de servicio, que est\u00e1n empezando a generar un movimiento econ\u00f3mico interno muy fuerte\u00bb.<\/p>\n<p>\u00abLa clave para prolongar y profundizar la salida de la recesi\u00f3n viene dada por a qu\u00e9 ritmo va a bajar la inflaci\u00f3n, de la mano de eso vamos a ver una recuperaci\u00f3n en los salarios reales y el consumo. Ese fen\u00f3meno est\u00e1 cerca de empezar a producirse, aunque no hay que ponerle fecha\u00bb, remarc\u00f3.<\/p>\n<p>Por otra parte, se refiri\u00f3 al proyecto del Presupuesto 2019 y destac\u00f3 el \u00abdi\u00e1logo fruct\u00edfero con intendentes y gobernadores\u00bb.<br \/>\n\u00abNos hemos comprometido al equilibrio presupuestario primaria para 2019 y deseamos hacerlo con un Presupuesto aprobado por el Congreso\u00bb, concluy\u00f3.<\/p>\n<h6>Fuente: InfoNews<\/h6>\n","protected":false},"excerpt":{"rendered":"<p>El ministro ofici\u00f3 de vocero tras la reuni\u00f3n de Gabinete Nacional:\u00a0\u00abNo ha sido un a\u00f1o de mejora en el salario real\u00bb, reconoci\u00f3. Pronostic\u00f3 una supuesta recuperaci\u00f3n al estilo \u00abbrotes verdes\u00bb y \u00abluz al final del t\u00fanel\u00bb.\u00a0<\/p>\n","protected":false},"author":2,"featured_media":82853,"comment_status":"closed","ping_status":"closed","sticky":false,"template":"","format":"standard","meta":{"footnotes":""},"categories":[8],"tags":[21],"class_list":["post-82852","post","type-post","status-publish","format-standard","has-post-thumbnail","hentry","category-informe-nacional","tag-argentina"],"_links":{"self":[{"href":"http:\/\/argentinamunicipal.com.ar\/argentina\/wp-json\/wp\/v2\/posts\/82852","targetHints":{"allow":["GET"]}}],"collection":[{"href":"http:\/\/argentinamunicipal.com.ar\/argentina\/wp-json\/wp\/v2\/posts"}],"about":[{"href":"http:\/\/argentinamunicipal.com.ar\/argentina\/wp-json\/wp\/v2\/types\/post"}],"author":[{"embeddable":true,"href":"http:\/\/argentinamunicipal.com.ar\/argentina\/wp-json\/wp\/v2\/users\/2"}],"replies":[{"embeddable":true,"href":"http:\/\/argentinamunicipal.com.ar\/argentina\/wp-json\/wp\/v2\/comments?post=82852"}],"version-history":[{"count":0,"href":"http:\/\/argentinamunicipal.com.ar\/argentina\/wp-json\/wp\/v2\/posts\/82852\/revisions"}],"wp:featuredmedia":[{"embeddable":true,"href":"http:\/\/argentinamunicipal.com.ar\/argentina\/wp-json\/wp\/v2\/media\/82853"}],"wp:attachment":[{"href":"http:\/\/argentinamunicipal.com.ar\/argentina\/wp-json\/wp\/v2\/media?parent=82852"}],"wp:term":[{"taxonomy":"category","embeddable":true,"href":"http:\/\/argentinamunicipal.com.ar\/argentina\/wp-json\/wp\/v2\/categories?post=82852"},{"taxonomy":"post_tag","embeddable":true,"href":"http:\/\/argentinamunicipal.com.ar\/argentina\/wp-json\/wp\/v2\/tags?post=82852"}],"curies":[{"name":"wp","href":"https:\/\/api.w.org\/{rel}","templated":true}]}}