{"id":82855,"date":"2018-10-17T06:14:44","date_gmt":"2018-10-17T09:14:44","guid":{"rendered":"http:\/\/argentinamunicipal.com.ar\/argentina\/?p=82855"},"modified":"2018-10-16T20:17:13","modified_gmt":"2018-10-16T23:17:13","slug":"tenemos-que-terminar-este-desastre","status":"publish","type":"post","link":"http:\/\/argentinamunicipal.com.ar\/argentina\/tenemos-que-terminar-este-desastre\/","title":{"rendered":"\u00abTenemos que terminar este desastre\u00bb"},"content":{"rendered":"<p>El juez Luis Carzoglio rechaz\u00f3 hoy el pedido del fiscal Sebasti\u00e1n Scalera para detener a Pablo Moyano por presuntos v\u00ednculos con la barra brava de Independiente. La noticia coincidi\u00f3 con una movilizaci\u00f3n de Camioneros, encabezada por\u00a0Hugo Moyano, cuyo gremio pas\u00f3 a un cuarto intermedio con los empresarios del sector, que\u00a0el jueves pr\u00f3ximo har\u00e1n una nueva\u00a0propuesta\u00a0salarial para recuperar \u00abel 17 por ciento que hemos perdido por la inflaci\u00f3n\u201d.. El dirigente acus\u00f3\u00a0al Gobierno de haber presionado al magistrado, que \u201cse la banc\u00f3\u201d y llam\u00f3 a la unidad del campo popular para derrotar al macrismo en 2019.<\/p>\n<p>Moyano confirm\u00f3 la decisi\u00f3n del juez a la multitud que lo acompa\u00f1\u00f3 a la reuni\u00f3n en la Direcci\u00f3n de Relaciones del Trabnajo, en la avenida Callao. \u201cHabl\u00e9 con mi hijo, y me dijo que no le interesa lo que pase con \u00e9l sino que no aflojemos en la pelea por la dignidad de los trabajadores\u201d. El l\u00edder de Camioneros adelant\u00f3 que el jueves, cuando su hijo y secretario adjunto regreso al pa\u00eds de un congreso en Singapur habr\u00e1 una movilizaci\u00f3n a Ezeiza \u201cno s\u00f3lo de nuestra organizaci\u00f3n\u00a0sino de otros sectores\u201d.<\/p>\n<p>El l\u00edder sindical ponder\u00f3 lo dictaminado por Carzoglio. \u201cHa tenido la suficiente grandeza para no claudicar ante las presiones de todos los funcionarios, sobre todo los que se encargan de la seguridad, entre comillas, de ellos, no de la gente\u201d. El dirigente sindical calific\u00f3 a la alianza gobernante como un \u00abgobierno gorila y antiobrero\u201d.<\/p>\n<p>Adem\u00e1s, el l\u00edder camionero se refiri\u00f3 al asalto sufrido el domingo pasado por el tesorero del gremio, H\u00e9ctor \u201cYoyo\u201d Maldonado\u201d, y acus\u00f3 de la agresi\u00f3n\u00a0a \u201clos servicios, que tratan por todos los medios de doblegarnos\u201d.<\/p>\n<p>\u201cEs un gobierno gorila, con perd\u00f3n de los animales, no tiene sensibilidad para nada. No le interesa el hombre de trabajo\u201d, agreg\u00f3 Moyano, quien subray\u00f3 que no solo ha ca\u00eddo el trabajo, hay inflaci\u00f3n y subieron los peajes sino que \u00abno es menos cierto que a los trabajadores les falta el plato de comida\u201d.<\/p>\n<p>M\u00e1s adelante Moyano denunci\u00f3 que \u201chablan de la corrupci\u00f3n pero no dicen nada de la plata del Correo\u201d, y se\u00a0pregunt\u00f3 \u00ab\u00bfd\u00f3nde est\u00e1 la plata que se llev\u00f3 el padre del Presidente?;\u00a0 \u00bfd\u00f3nde est\u00e1n las maniobras que hac\u00edan en Montevideo, el padre, el hijo, la familia, la mafia que nos gobierna?\u201d.\u00a0\u201cLlevan al pa\u00eds al desastre, si hasta hay una oficina del Fondo Monetario en el Banco Central\u201d, dijo, antes de calificar\u00a0al gobierno de \u00abpayasesco\u201d.\u00a0\u00abAc\u00e1 gobierna el Fondo\u201d, denunci\u00f3.<\/p>\n<p>\u00abVamos a pelear hasta las \u00faltimas consecuencias\u201d adelant\u00f3, y advirti\u00f3 que\u00a0\u201cllegamos a un l\u00edmite, que desaparezca el poder adquisitivo d\u00eda a d\u00eda y que encima digan que combaten la corrupci\u00f3n\u201d.<\/p>\n<p>Por \u00faltimo, Moyano hizo un llamamiento a la unidad. \u201cEs una verg\u00fcenza lo que pasa en el pa\u00eds. Los\u00a0trabajadores tenemos que seguir luchando. Hay que unirnos, todos (&#8230;) hacer el esfuerzo\u00a0para que el a\u00f1o pr\u00f3ximo termine este desastre\u201d.<\/p>\n<h6>Fuente: P\u00e1gina 12<\/h6>\n","protected":false},"excerpt":{"rendered":"<p>El juez Luis Carzoglio rechaz\u00f3 hoy el pedido del fiscal Sebasti\u00e1n Scalera para detener a Pablo Moyano por presuntos v\u00ednculos con la barra brava de Independiente. <\/p>\n","protected":false},"author":2,"featured_media":82856,"comment_status":"closed","ping_status":"closed","sticky":false,"template":"","format":"standard","meta":{"footnotes":""},"categories":[8],"tags":[21],"class_list":["post-82855","post","type-post","status-publish","format-standard","has-post-thumbnail","hentry","category-informe-nacional","tag-argentina"],"_links":{"self":[{"href":"http:\/\/argentinamunicipal.com.ar\/argentina\/wp-json\/wp\/v2\/posts\/82855","targetHints":{"allow":["GET"]}}],"collection":[{"href":"http:\/\/argentinamunicipal.com.ar\/argentina\/wp-json\/wp\/v2\/posts"}],"about":[{"href":"http:\/\/argentinamunicipal.com.ar\/argentina\/wp-json\/wp\/v2\/types\/post"}],"author":[{"embeddable":true,"href":"http:\/\/argentinamunicipal.com.ar\/argentina\/wp-json\/wp\/v2\/users\/2"}],"replies":[{"embeddable":true,"href":"http:\/\/argentinamunicipal.com.ar\/argentina\/wp-json\/wp\/v2\/comments?post=82855"}],"version-history":[{"count":0,"href":"http:\/\/argentinamunicipal.com.ar\/argentina\/wp-json\/wp\/v2\/posts\/82855\/revisions"}],"wp:featuredmedia":[{"embeddable":true,"href":"http:\/\/argentinamunicipal.com.ar\/argentina\/wp-json\/wp\/v2\/media\/82856"}],"wp:attachment":[{"href":"http:\/\/argentinamunicipal.com.ar\/argentina\/wp-json\/wp\/v2\/media?parent=82855"}],"wp:term":[{"taxonomy":"category","embeddable":true,"href":"http:\/\/argentinamunicipal.com.ar\/argentina\/wp-json\/wp\/v2\/categories?post=82855"},{"taxonomy":"post_tag","embeddable":true,"href":"http:\/\/argentinamunicipal.com.ar\/argentina\/wp-json\/wp\/v2\/tags?post=82855"}],"curies":[{"name":"wp","href":"https:\/\/api.w.org\/{rel}","templated":true}]}}