{"id":83425,"date":"2018-11-01T06:13:15","date_gmt":"2018-11-01T09:13:15","guid":{"rendered":"http:\/\/argentinamunicipal.com.ar\/argentina\/?p=83425"},"modified":"2018-10-31T20:18:54","modified_gmt":"2018-10-31T23:18:54","slug":"el-indice-de-salarios-aumento-28-en-agosto-y-se-mantiene-por-debajo-de-la-inflacion","status":"publish","type":"post","link":"http:\/\/argentinamunicipal.com.ar\/argentina\/el-indice-de-salarios-aumento-28-en-agosto-y-se-mantiene-por-debajo-de-la-inflacion\/","title":{"rendered":"El \u00edndice de salarios aument\u00f3 2,8% en agosto y se mantiene por debajo de la inflaci\u00f3n"},"content":{"rendered":"<p>El Indec registr\u00f3 un crecimiento de los salarios del 2,8% cuando en ese mes la inflaci\u00f3n fue del 3,9%. As\u00ed, en los primeros 8 meses del a\u00f1o, el deterioro salarial ya acumula 9%.<\/p>\n<p>El \u00edndice de salarios del total registrado mostr\u00f3\u00a0un crecimiento de 2,8% en agosto de 2018 respecto al mes anterior, como<br \/>\nconsecuencia del incremento de 2,8% del sector privado registrado y un aumento del 3,0% del sector p\u00fablico.<\/p>\n<p>El \u00edndice de salarios total mostr\u00f3 un crecimiento en los \u00faltimos\u00a012 meses de 21,9%,\u00a0como consecuencia de la suba de 22,8%<br \/>\ndel total registrado y de 18,0% del sector privado no registrado.<\/p>\n<p>El indicador publicado hoy por el Instituto de Estadisticas y Censos registr\u00f3 un crecimiento de\u00a0los salarios del 2,8% cuando en ese mes la inflaci\u00f3n fue del 3,9%.<\/p>\n<p>As\u00ed, en los primeros 8 meses del a\u00f1o,\u00a0el deterioro salarial ya acumula 9%.<\/p>\n<h6>Fuente: InfoNews<\/h6>\n","protected":false},"excerpt":{"rendered":"<p>El Indec registr\u00f3 un crecimiento de los salarios del 2,8% cuando en ese mes la inflaci\u00f3n fue del 3,9%. As\u00ed, en los primeros 8 meses del a\u00f1o, el deterioro salarial ya acumula 9%.<\/p>\n","protected":false},"author":2,"featured_media":83426,"comment_status":"closed","ping_status":"closed","sticky":false,"template":"","format":"standard","meta":{"footnotes":""},"categories":[8],"tags":[21],"class_list":["post-83425","post","type-post","status-publish","format-standard","has-post-thumbnail","hentry","category-informe-nacional","tag-argentina"],"_links":{"self":[{"href":"http:\/\/argentinamunicipal.com.ar\/argentina\/wp-json\/wp\/v2\/posts\/83425","targetHints":{"allow":["GET"]}}],"collection":[{"href":"http:\/\/argentinamunicipal.com.ar\/argentina\/wp-json\/wp\/v2\/posts"}],"about":[{"href":"http:\/\/argentinamunicipal.com.ar\/argentina\/wp-json\/wp\/v2\/types\/post"}],"author":[{"embeddable":true,"href":"http:\/\/argentinamunicipal.com.ar\/argentina\/wp-json\/wp\/v2\/users\/2"}],"replies":[{"embeddable":true,"href":"http:\/\/argentinamunicipal.com.ar\/argentina\/wp-json\/wp\/v2\/comments?post=83425"}],"version-history":[{"count":0,"href":"http:\/\/argentinamunicipal.com.ar\/argentina\/wp-json\/wp\/v2\/posts\/83425\/revisions"}],"wp:featuredmedia":[{"embeddable":true,"href":"http:\/\/argentinamunicipal.com.ar\/argentina\/wp-json\/wp\/v2\/media\/83426"}],"wp:attachment":[{"href":"http:\/\/argentinamunicipal.com.ar\/argentina\/wp-json\/wp\/v2\/media?parent=83425"}],"wp:term":[{"taxonomy":"category","embeddable":true,"href":"http:\/\/argentinamunicipal.com.ar\/argentina\/wp-json\/wp\/v2\/categories?post=83425"},{"taxonomy":"post_tag","embeddable":true,"href":"http:\/\/argentinamunicipal.com.ar\/argentina\/wp-json\/wp\/v2\/tags?post=83425"}],"curies":[{"name":"wp","href":"https:\/\/api.w.org\/{rel}","templated":true}]}}