{"id":83458,"date":"2018-11-01T06:15:50","date_gmt":"2018-11-01T09:15:50","guid":{"rendered":"http:\/\/argentinamunicipal.com.ar\/argentina\/?p=83458"},"modified":"2018-10-31T20:58:03","modified_gmt":"2018-10-31T23:58:03","slug":"ninez-en-emergencia-el-presupuesto-2019-planea-recortes-de-hasta-un-77-en-programas-sensibles","status":"publish","type":"post","link":"http:\/\/argentinamunicipal.com.ar\/argentina\/ninez-en-emergencia-el-presupuesto-2019-planea-recortes-de-hasta-un-77-en-programas-sensibles\/","title":{"rendered":"Ni\u00f1ez en emergencia: el Presupuesto 2019 planea recortes de hasta un 77% en programas sensibles"},"content":{"rendered":"<p>El proyecto que busca aprobar el gobierno nacional en el Senado tambi\u00e9n trae aparejado una profunda reducci\u00f3n en una de las \u00e1reas centrales en lo que refiere a pol\u00edticas p\u00fablicas. Ni\u00f1os y ni\u00f1as de los sectores m\u00e1s vulnerados por la crisis econ\u00f3mica ser\u00e1n seriamente perjudicados.<\/p>\n<p>El Presupuesto 2019, que ya tiene media sanci\u00f3n de la C\u00e1mara de Diputados,\u00a0posee amplio rechazos debido al ajuste que propone para reducir el d\u00e9ficit fiscal, seg\u00fan lo fundamenta el propio gobierno nacional. \u00a0En ese aspecto,\u00a0el \u00e1rea de ni\u00f1ez es una de las apuntadas para recibir un profundo recorte en sus programas m\u00e1s sensibles. De este modo,\u00a0en medio de la crisis econ\u00f3mica, el sector que experimenta altos niveles de pobreza en el pa\u00eds seguir\u00e1 golpeado ante la falta de pol\u00edticas p\u00fablicas para contener demandas elementales como la alimentaci\u00f3n.<\/p>\n<p>A trav\u00e9s de un informe del\u00a0colectivo Infancia en Deuda, se detall\u00f3 que el\u00a0presupuesto del 2019 para Secretar\u00eda Nacional de Ni\u00f1ez, Adolescencia y Familia para 2019 tendr\u00e1 una grave reducci\u00f3n del 34,55%\u00a0en t\u00e9rminos reales.<\/p>\n<p>En ese marco,\u00a0el Programa de Promoci\u00f3n y Asistencia a Espacios de Primera Infancia, destinado a ni\u00f1os y ni\u00f1as de entre 45 d\u00edas y cuatro a\u00f1os, experimentar\u00e1 un ajuste del 75,27%. Aqu\u00ed se evidenci\u00f3 una subejecuci\u00f3n de este a\u00f1o en curso que\u00a0hasta octubre solamente se gast\u00f3 el 41,31% de los recursos asignados.<\/p>\n<p>A su vez,\u00a0el Programa del Ministerio de Salud y Desarrollo Social de Atenci\u00f3n de la Madre y el Ni\u00f1o, contemplar\u00e1 una baja del 67,07%. El mismo destino tiene el Programa de Actividades Comunes con 25,41% de baja y el de Acciones para la Promoci\u00f3n y Protecci\u00f3n Integral de los Derechos de Ni\u00f1as, Ni\u00f1os y Adolescentes, con un 21, 45%<\/p>\n<p>En lo que respecta a infraestructura y equipamiento escolar,\u00a0el ajuste afectar\u00eda a 49.457 alumnas y alumnos ya que se equipar\u00edan 3.953 aulas menos que en el a\u00f1o anterior y se construir\u00edan 1.543 aulas menos. Por su parte,\u00a0sobre el fortalecimiento edilicio de jardines de infantes arroja una reducci\u00f3n del 69,06%.<\/p>\n<p>Desde Infancia en Deuda se\u00f1alaron su \u201cprofunda preocupaci\u00f3n por la regresividad de las partidas proyectadas para ciertos programas destinados a la protecci\u00f3n y promoci\u00f3n de los derechos humanos de ni\u00f1as, ni\u00f1os y adolescentes en el proyecto de presupuesto 2019\u201d.<\/p>\n<p>Asimismo, exigieron al Congreso de la Naci\u00f3n que \u201cen la ley que finalmente se apruebe, se incrementen las partidas asignadas a la ni\u00f1ez y adolescencia, en l\u00ednea con lo que exigen los tratados internacionales de derechos humanos que en Argentina tienen jerarqu\u00eda constitucional y diversas leyes que aseguran la inversi\u00f3n prioritaria en la ni\u00f1ez\u201d.<\/p>\n<h6>Fuente: InfoCielo<\/h6>\n","protected":false},"excerpt":{"rendered":"<p>El proyecto que busca aprobar el gobierno nacional en el Senado tambi\u00e9n trae aparejado una profunda reducci\u00f3n en una de las \u00e1reas centrales en lo que refiere a pol\u00edticas p\u00fablicas.<\/p>\n","protected":false},"author":2,"featured_media":83459,"comment_status":"closed","ping_status":"closed","sticky":false,"template":"","format":"standard","meta":{"footnotes":""},"categories":[8],"tags":[21],"class_list":["post-83458","post","type-post","status-publish","format-standard","has-post-thumbnail","hentry","category-informe-nacional","tag-argentina"],"_links":{"self":[{"href":"http:\/\/argentinamunicipal.com.ar\/argentina\/wp-json\/wp\/v2\/posts\/83458","targetHints":{"allow":["GET"]}}],"collection":[{"href":"http:\/\/argentinamunicipal.com.ar\/argentina\/wp-json\/wp\/v2\/posts"}],"about":[{"href":"http:\/\/argentinamunicipal.com.ar\/argentina\/wp-json\/wp\/v2\/types\/post"}],"author":[{"embeddable":true,"href":"http:\/\/argentinamunicipal.com.ar\/argentina\/wp-json\/wp\/v2\/users\/2"}],"replies":[{"embeddable":true,"href":"http:\/\/argentinamunicipal.com.ar\/argentina\/wp-json\/wp\/v2\/comments?post=83458"}],"version-history":[{"count":0,"href":"http:\/\/argentinamunicipal.com.ar\/argentina\/wp-json\/wp\/v2\/posts\/83458\/revisions"}],"wp:featuredmedia":[{"embeddable":true,"href":"http:\/\/argentinamunicipal.com.ar\/argentina\/wp-json\/wp\/v2\/media\/83459"}],"wp:attachment":[{"href":"http:\/\/argentinamunicipal.com.ar\/argentina\/wp-json\/wp\/v2\/media?parent=83458"}],"wp:term":[{"taxonomy":"category","embeddable":true,"href":"http:\/\/argentinamunicipal.com.ar\/argentina\/wp-json\/wp\/v2\/categories?post=83458"},{"taxonomy":"post_tag","embeddable":true,"href":"http:\/\/argentinamunicipal.com.ar\/argentina\/wp-json\/wp\/v2\/tags?post=83458"}],"curies":[{"name":"wp","href":"https:\/\/api.w.org\/{rel}","templated":true}]}}