{"id":83489,"date":"2018-11-02T05:04:42","date_gmt":"2018-11-02T08:04:42","guid":{"rendered":"http:\/\/argentinamunicipal.com.ar\/argentina\/?p=83489"},"modified":"2018-11-01T20:08:00","modified_gmt":"2018-11-01T23:08:00","slug":"sigue-aumentando-la-deuda-eterna-ahora-el-banco-mundial-prestara-al-pais-us-950-millones","status":"publish","type":"post","link":"http:\/\/argentinamunicipal.com.ar\/argentina\/sigue-aumentando-la-deuda-eterna-ahora-el-banco-mundial-prestara-al-pais-us-950-millones\/","title":{"rendered":"Sigue aumentando la deuda eterna: ahora el Banco Mundial prestar\u00e1 al pa\u00eds u$s 950 millones"},"content":{"rendered":"<p>Dicen que es para ayudar a los m\u00e1s necesitados. Se suma al pr\u00e9stamo que el FMI acordara el viernes \u00faltimo con Argentina para fortalecer el programa de ayuda aprobado en junio, que pas\u00f3 de 50.000 millones a m\u00e1s de 56.000 millones de d\u00f3lares.<\/p>\n<p>El Banco Mundial aprob\u00f3 dos pr\u00e9stamos para engrosar la impresionante deuda externa y eterna Argentina. El desembolso es de 950 millones de d\u00f3lares. Dijeron que es para ayudar al pa\u00eds \u00aba enfrentar las dificultades econ\u00f3micas y reforzar la protecci\u00f3n social para sus ciudadanos m\u00e1s vulnerables\u00bb.<\/p>\n<p>\u00abEste apoyo a Argentina llega en un momento crucial para nuestro pa\u00eds y es una clara se\u00f1al de confianza\u00bb, dijo el ministro de Econom\u00eda, Nicol\u00e1s Dujovne, citado en el comunicado difundido por el Banco Mundial.<\/p>\n<p>El directorio ejecutivo de la instituci\u00f3n otorg\u00f3 un pr\u00e9stamo de 500 millones de d\u00f3lares con el fin -seg\u00fan afirmaron- de ayudar a cubrir las necesidades presupuestarias que \u00abpromuevan un crecimiento inclusivo\u00bb.<\/p>\n<p>Aprob\u00f3 adem\u00e1s otro pr\u00e9stamos de 450 millones de d\u00f3lares, para completar los 950 millones mencionados, para un proyecto de desarrollo para ni\u00f1os y j\u00f3venes, cuyo objetivo es llegar \u00aba 250.000 ni\u00f1os que a\u00fan no est\u00e1n incluidos en los programas de subsidios familiares\u00bb.<\/p>\n<p>\u00abEn estos tiempos dif\u00edciles, el Grupo del Banco Mundial est\u00e1 ofreciendo nuestro firme apoyo y solidaridad a Argentina, especialmente a las personas m\u00e1s vulnerables\u00bb, dijo Jorge Familiar, vicepresidente del Banco Mundial para Am\u00e9rica Latina y el Caribe.<\/p>\n<p>\u00abEsta financiaci\u00f3n ayudar\u00e1 a proteger a las familias m\u00e1s necesitadas de caer en la pobreza, al tiempo que sienta las bases para impulsar un crecimiento econ\u00f3mico inclusivo y sostenible\u00bb, apunt\u00f3.<\/p>\n<h6>Fuente: InfoNews<\/h6>\n","protected":false},"excerpt":{"rendered":"<p>Dicen que es para ayudar a los m\u00e1s necesitados. Se suma al pr\u00e9stamo que el FMI acordara el viernes \u00faltimo con Argentina para fortalecer el programa de ayuda aprobado en junio, que pas\u00f3 de 50.000 millones a m\u00e1s de 56.000 millones de d\u00f3lares.<\/p>\n","protected":false},"author":2,"featured_media":83490,"comment_status":"closed","ping_status":"closed","sticky":false,"template":"","format":"standard","meta":{"footnotes":""},"categories":[8],"tags":[21],"class_list":["post-83489","post","type-post","status-publish","format-standard","has-post-thumbnail","hentry","category-informe-nacional","tag-argentina"],"_links":{"self":[{"href":"http:\/\/argentinamunicipal.com.ar\/argentina\/wp-json\/wp\/v2\/posts\/83489","targetHints":{"allow":["GET"]}}],"collection":[{"href":"http:\/\/argentinamunicipal.com.ar\/argentina\/wp-json\/wp\/v2\/posts"}],"about":[{"href":"http:\/\/argentinamunicipal.com.ar\/argentina\/wp-json\/wp\/v2\/types\/post"}],"author":[{"embeddable":true,"href":"http:\/\/argentinamunicipal.com.ar\/argentina\/wp-json\/wp\/v2\/users\/2"}],"replies":[{"embeddable":true,"href":"http:\/\/argentinamunicipal.com.ar\/argentina\/wp-json\/wp\/v2\/comments?post=83489"}],"version-history":[{"count":0,"href":"http:\/\/argentinamunicipal.com.ar\/argentina\/wp-json\/wp\/v2\/posts\/83489\/revisions"}],"wp:featuredmedia":[{"embeddable":true,"href":"http:\/\/argentinamunicipal.com.ar\/argentina\/wp-json\/wp\/v2\/media\/83490"}],"wp:attachment":[{"href":"http:\/\/argentinamunicipal.com.ar\/argentina\/wp-json\/wp\/v2\/media?parent=83489"}],"wp:term":[{"taxonomy":"category","embeddable":true,"href":"http:\/\/argentinamunicipal.com.ar\/argentina\/wp-json\/wp\/v2\/categories?post=83489"},{"taxonomy":"post_tag","embeddable":true,"href":"http:\/\/argentinamunicipal.com.ar\/argentina\/wp-json\/wp\/v2\/tags?post=83489"}],"curies":[{"name":"wp","href":"https:\/\/api.w.org\/{rel}","templated":true}]}}