{"id":83495,"date":"2018-11-02T05:10:26","date_gmt":"2018-11-02T08:10:26","guid":{"rendered":"http:\/\/argentinamunicipal.com.ar\/argentina\/?p=83495"},"modified":"2018-11-01T20:12:03","modified_gmt":"2018-11-01T23:12:03","slug":"marca-personal-de-lagarde-a-macri","status":"publish","type":"post","link":"http:\/\/argentinamunicipal.com.ar\/argentina\/marca-personal-de-lagarde-a-macri\/","title":{"rendered":"Marca personal de Lagarde a Macri"},"content":{"rendered":"<p>Los enviados del Fondo Monetario Internacional llegar\u00e1n a Buenos Aires en dos semanas. Vendr\u00e1n a monitorear que se cumpla el ajuste prometido. El vocero del organismo, Gerry Rice, record\u00f3 que a cambio de la ayuda el Gobierno se comprometi\u00f3 a \u201celiminar el d\u00e9ficit fiscal\u201d.<\/p>\n<p>El Fondo Monetario Internacional\u00a0 enviar\u00e1 en dos semanas a la Argentina una nueva misi\u00f3n a Buenos Aires para controlar la implementaci\u00f3n del ajuste que se comprometi\u00f3 a realizar Mauricio Macri a cambio del salvataje que le concedi\u00f3 el organismo. El anuncio al respecto lo hizo el vocero del FMI, Gerry Rice, quien destac\u00f3 el compromiso del gobierno argentino de \u201celiminar el d\u00e9ficit fiscal\u201d.<\/p>\n<p>El anuncio sobre la llegada de la nueva misi\u00f3n del FMI vino de la mano de elogios a las medida que se comprometi\u00f3 a tomar Macri y de vaticinios acerca de la efectividad que supuestamente tendr\u00e1n. En ese sentido Rice analiz\u00f3 que lograr\u00e1n estabilizar la econom\u00eda de la Argentina. \u00a0\u00abAhora es tiempo de la implementaci\u00f3n, hubo buenos progresos y esperamos que contin\u00faen\u00bb, dijo el vocero del FMI en una conferencia de prensa de media hora en la sede central del organismo en Washington.<\/p>\n<p>Rice explic\u00f3 que los integrantes del Directorio Ejecutivo del FMI que aprobaron la semana pasada el nuevo acuerdo \u00abconf\u00edan en la implementaci\u00f3n sostenida de las pol\u00edticas que apuntalen el programa\u00bb. Al respecto, remarc\u00f3 el \u00abel fuerte apoyo de la comunidad internacional\u00bb al programa que le permitir\u00e1 a la Argentina \u00abretornar a la estabilidad macroecon\u00f3mica y explotar su potencial econ\u00f3mico para el beneficio de todos los argentinos, que es claramente el objetivo\u00bb.<\/p>\n<p>El vocero del Fondo precis\u00f3 que los nuevos enviados del FMI llegar\u00e1n a Buenos Aires en dos semanas. Su misi\u00f3n ser\u00e1 realizar una la evaluaci\u00f3n pormenorizada de la implementaci\u00f3n de las medidas econ\u00f3micas acordadas con el organismo.<\/p>\n<p>\u00abCreemos que esto fortalecer\u00e1 el programa econ\u00f3mico argentino, impulsar\u00e1 la confianza y estabilizara la econom\u00eda\u00bb, declar\u00f3 Rice y record\u00f3 que el compromiso de Macri es \u00abeliminar el d\u00e9ficit fiscal y apuntar a una pol\u00edtica de libre flotaci\u00f3n del tipo de cambio\u00bb.<\/p>\n<h6>Fuente: P\u00e1gina 12<\/h6>\n","protected":false},"excerpt":{"rendered":"<p>Los enviados del Fondo Monetario Internacional llegar\u00e1n a Buenos Aires en dos semanas. Vendr\u00e1n a monitorear que se cumpla el ajuste prometido.<\/p>\n","protected":false},"author":2,"featured_media":83496,"comment_status":"closed","ping_status":"closed","sticky":false,"template":"","format":"standard","meta":{"footnotes":""},"categories":[8],"tags":[21],"class_list":["post-83495","post","type-post","status-publish","format-standard","has-post-thumbnail","hentry","category-informe-nacional","tag-argentina"],"_links":{"self":[{"href":"http:\/\/argentinamunicipal.com.ar\/argentina\/wp-json\/wp\/v2\/posts\/83495","targetHints":{"allow":["GET"]}}],"collection":[{"href":"http:\/\/argentinamunicipal.com.ar\/argentina\/wp-json\/wp\/v2\/posts"}],"about":[{"href":"http:\/\/argentinamunicipal.com.ar\/argentina\/wp-json\/wp\/v2\/types\/post"}],"author":[{"embeddable":true,"href":"http:\/\/argentinamunicipal.com.ar\/argentina\/wp-json\/wp\/v2\/users\/2"}],"replies":[{"embeddable":true,"href":"http:\/\/argentinamunicipal.com.ar\/argentina\/wp-json\/wp\/v2\/comments?post=83495"}],"version-history":[{"count":0,"href":"http:\/\/argentinamunicipal.com.ar\/argentina\/wp-json\/wp\/v2\/posts\/83495\/revisions"}],"wp:featuredmedia":[{"embeddable":true,"href":"http:\/\/argentinamunicipal.com.ar\/argentina\/wp-json\/wp\/v2\/media\/83496"}],"wp:attachment":[{"href":"http:\/\/argentinamunicipal.com.ar\/argentina\/wp-json\/wp\/v2\/media?parent=83495"}],"wp:term":[{"taxonomy":"category","embeddable":true,"href":"http:\/\/argentinamunicipal.com.ar\/argentina\/wp-json\/wp\/v2\/categories?post=83495"},{"taxonomy":"post_tag","embeddable":true,"href":"http:\/\/argentinamunicipal.com.ar\/argentina\/wp-json\/wp\/v2\/tags?post=83495"}],"curies":[{"name":"wp","href":"https:\/\/api.w.org\/{rel}","templated":true}]}}