{"id":83498,"date":"2018-11-02T05:12:29","date_gmt":"2018-11-02T08:12:29","guid":{"rendered":"http:\/\/argentinamunicipal.com.ar\/argentina\/?p=83498"},"modified":"2018-11-01T20:14:19","modified_gmt":"2018-11-01T23:14:19","slug":"en-2019-vamos-a-tener-un-15-menos-de-puestos-de-trabajo-en-el-mejor-de-los-casos","status":"publish","type":"post","link":"http:\/\/argentinamunicipal.com.ar\/argentina\/en-2019-vamos-a-tener-un-15-menos-de-puestos-de-trabajo-en-el-mejor-de-los-casos\/","title":{"rendered":"\u00abEn 2019 vamos a tener un 15% menos de puestos de trabajo, en el mejor de los casos\u00bb"},"content":{"rendered":"<p>As\u00ed lo dijo el secretario general SMATA, Ricardo Pignanelli. Agreg\u00f3 que \u00absi no cambia el modelo, la industria va a seguir perdiendo puestos de trabajo y as\u00ed no se generan servicios\u00bb.<\/p>\n<p>El secretario general SMATA, Ricardo Pignanelli sostuvo que\u00a0\u00abla CGT tiene que definir el paro general. Lo llam\u00e9 a Daer hace dos d\u00edas y no me pude comunicar. El problema lo tenemos ahora.\u00a0Hicimos la movilizaci\u00f3n a Luj\u00e1n con el objetivo de tratar de unificar criterios a trav\u00e9s de una misa de fe. Nos vamos a tener que juntar nosotros y definir los pasos a seguir\u00bb.<\/p>\n<p>En una entrevista realizada por FutuRock FM, agreg\u00f3 que\u00a0\u00abm\u00e1s all\u00e1 de que la CGT defina algo, seguramente, el frente va a acompa\u00f1ar lo que decida. Cuando se est\u00e1 en un espacio que reci\u00e9n est\u00e1 naciendo es muy dif\u00edcil saber qu\u00e9 pasos vamos a seguir\u00a0porque es algo que tenemos que hacer en conjunto\u00bb.<\/p>\n<p>Con respecto al rumbo de la econom\u00eda en el gobierno macrista, dijo que\u00a0\u00ablo que tiene que cambiar es el modelo. Si no cambia el modelo, la industria va a seguir perdiendo puestos de trabajo y as\u00ed no se generan servicios.\u00a0As\u00ed va a seguir deprimi\u00e9ndose el consumo. Cada vez nos sumergimos m\u00e1s\u00bb.<\/p>\n<p>\u00abHaberle puesto impuestos a las exportaciones es un error. Porque, \u00bfqu\u00e9 necesita la Argentina? Que ingresen d\u00f3lares. Se tiene que intentar frenar las importaciones.\u00a0Si prestamos atenci\u00f3n a las declaraciones que hizo Ratazzi vemos que cuando le pusieron los tres pesos por d\u00f3lar dijo \u00abesto es bueno, hay que colaborar con el pa\u00eds\u00bb. \u00c9l se crey\u00f3 que el d\u00f3lar se iba a ir a $600.\u00a0Cuando empieza a bajar, tiene m\u00e1s peso relativo\u00bb, se\u00f1al\u00f3 el dirigente.<\/p>\n<p>Dijo adem\u00e1s que\u00a0\u00aben el sector automotor estamos sosteniendo como podemos los puestos de trabajo, pero es evidente que se est\u00e1 fabricando menos.\u00a0Las f\u00e1bricas trabajan al 50% de su capacidad operativa, salvo honrosas excepciones\u00bb.<\/p>\n<p>\u00abA mi me dicen que tenemos que hacer la revoluci\u00f3n productiva.\u00a0Tenemos que activar el consumo y la exportaci\u00f3n. Si no hacemos algo urgente, en 2019 no llegamos a producir 400.000 unidades.\u00a0Con la ca\u00edda en la producci\u00f3n, en el mejor de los casos vamos a tener un 15% menos de puestos de trabajo\u00bb, sentenci\u00f3.<\/p>\n<h6>Fuente: InfoNews<\/h6>\n","protected":false},"excerpt":{"rendered":"<p>As\u00ed lo dijo el secretario general SMATA, Ricardo Pignanelli. Agreg\u00f3 que \u00absi no cambia el modelo, la industria va a seguir perdiendo puestos de trabajo y as\u00ed no se generan servicios\u00bb.<\/p>\n","protected":false},"author":2,"featured_media":83499,"comment_status":"closed","ping_status":"closed","sticky":false,"template":"","format":"standard","meta":{"footnotes":""},"categories":[8],"tags":[21],"class_list":["post-83498","post","type-post","status-publish","format-standard","has-post-thumbnail","hentry","category-informe-nacional","tag-argentina"],"_links":{"self":[{"href":"http:\/\/argentinamunicipal.com.ar\/argentina\/wp-json\/wp\/v2\/posts\/83498","targetHints":{"allow":["GET"]}}],"collection":[{"href":"http:\/\/argentinamunicipal.com.ar\/argentina\/wp-json\/wp\/v2\/posts"}],"about":[{"href":"http:\/\/argentinamunicipal.com.ar\/argentina\/wp-json\/wp\/v2\/types\/post"}],"author":[{"embeddable":true,"href":"http:\/\/argentinamunicipal.com.ar\/argentina\/wp-json\/wp\/v2\/users\/2"}],"replies":[{"embeddable":true,"href":"http:\/\/argentinamunicipal.com.ar\/argentina\/wp-json\/wp\/v2\/comments?post=83498"}],"version-history":[{"count":0,"href":"http:\/\/argentinamunicipal.com.ar\/argentina\/wp-json\/wp\/v2\/posts\/83498\/revisions"}],"wp:featuredmedia":[{"embeddable":true,"href":"http:\/\/argentinamunicipal.com.ar\/argentina\/wp-json\/wp\/v2\/media\/83499"}],"wp:attachment":[{"href":"http:\/\/argentinamunicipal.com.ar\/argentina\/wp-json\/wp\/v2\/media?parent=83498"}],"wp:term":[{"taxonomy":"category","embeddable":true,"href":"http:\/\/argentinamunicipal.com.ar\/argentina\/wp-json\/wp\/v2\/categories?post=83498"},{"taxonomy":"post_tag","embeddable":true,"href":"http:\/\/argentinamunicipal.com.ar\/argentina\/wp-json\/wp\/v2\/tags?post=83498"}],"curies":[{"name":"wp","href":"https:\/\/api.w.org\/{rel}","templated":true}]}}