{"id":83593,"date":"2018-11-05T07:27:11","date_gmt":"2018-11-05T10:27:11","guid":{"rendered":"http:\/\/argentinamunicipal.com.ar\/argentina\/?p=83593"},"modified":"2018-11-05T07:27:11","modified_gmt":"2018-11-05T10:27:11","slug":"granadero-baigorria-el-concejo-exige-informacion-sobre-las-raciones-que-llegan-a-las-escuelas-comedor-escolar","status":"publish","type":"post","link":"http:\/\/argentinamunicipal.com.ar\/argentina\/granadero-baigorria-el-concejo-exige-informacion-sobre-las-raciones-que-llegan-a-las-escuelas-comedor-escolar\/","title":{"rendered":"Granadero Baigorria: El Concejo exige informaci\u00f3n sobre las raciones que llegan a las escuelas comedor escolar"},"content":{"rendered":"<p>La oposici\u00f3n pidi\u00f3 convocar a las autoridades de la Cocina Centralizada para que expliquen los cambios en los men\u00fas.<\/p>\n<p>Concejales de la oposici\u00f3n presentaron un proyecto para convocar a las autoridades de la Cocina Centralizada del Hogar Escuela de Granadero Baigorria para que informen sobre la calidad de los men\u00fas que llegan a los comedores escolares.<\/p>\n<p>La iniciativa lleva la firma de los concejales Norma L\u00f3pez y Roberto Sukerman (ambos del Frente para la Victoria), Mar\u00eda Fernanda Gigliani (Iniciativa Popular) y Celeste Lepratti (Frente Social y Popular).<\/p>\n<p>La semana pasada, las autoridades de la Cocina Centralizada advirtieron mediante una nota remitida a las escuelas que \u00aben virtud de la situaci\u00f3n econ\u00f3mica imperante en el pa\u00eds, con un aumento de precios notorio y sostenido, y en pos de cumplir con el presupuesto\u00bb proceder\u00edan a \u00abreadecuar los men\u00fas\u00bb que reciben unos 14 mil ni\u00f1os de nivel inicial primario.<\/p>\n<p>Tal como public\u00f3 LaCapital en su edici\u00f3n del mi\u00e9rcoles pasado, la Cocina Centralizada recibe por cada raci\u00f3n de alimentos unos 15 pesos. El gobierno nacional aporta $ 1,61 y la provincia otros $ 13,48, dinero que, advierten, no alcanza para enfrentar los constantes aumentos de precios que sufre la canasta de alimentos.<\/p>\n<p>Las autoridades de la cocina se\u00f1alaron que, por ejemplo, se modificaron algunos men\u00fas en base a carne, reemplaz\u00e1ndola por lentejas. Y tambi\u00e9n advirtieron sobre la suba del precio de la harina.<\/p>\n<p>De todas formas, aclararon que \u00ablas raciones se mantienen dentro de las normativas\u00bb que exigen calidad, cantidad y variedad de alimentos.<\/p>\n<p>La inflaci\u00f3n que castiga a los presupuestos destinados a asistencia alimentaria se siente tambi\u00e9n en los hogares de los chicos. En los \u00faltimos tres meses, afirman desde la direcci\u00f3n de la Cocina Centralizada, subi\u00f3 casi un 10 por ciento la cantidad de ni\u00f1as y ni\u00f1os que concurren a los comedores escolares.<\/p>\n<p>De raciones y precios<\/p>\n<p>El proyecto presentado en el Concejo Municipal advierte que para muchos chicos, la raci\u00f3n del comedor es el \u00fanico plato de comida caliente del d\u00eda, con lo cual la falta de actualizaci\u00f3n de los fondos destinados a dicho fin genera un claro perjuicio social para el crecimiento y desarrollo de los ni\u00f1os.<\/p>\n<p>Por esto, destaca el proyecto, resulta fundamental conocer la calidad, cantidad y variedad de alimentos que se est\u00e1n brindando desde la Cocina Centralizada.<\/p>\n<p>La iniciativa reclama informaci\u00f3n sobre en qu\u00e9 consiste la readecuaci\u00f3n de las raciones que se sirven en los comedores escolares.<\/p>\n<p>Y, al mismo tiempo, pregunta sobre el presupuesto destinado por parte del gobierno nacional y provincial para la asistencia alimentaria en las escuelas y la cantidad de chicos que concurren a los comedores.<\/p>\n<p>La iniciativa ingres\u00f3 al Concejo la semana pasada y ser\u00e1 analizada por los integrantes de la comisi\u00f3n de Gobierno.<\/p>\n<p>En agosto pasado, el Concejo Municipal ya hab\u00eda aprobado un pedido de informe relacionado con este tema.<\/p>\n<p>Tras los reiterados reclamos de los Ministerio de Educaci\u00f3n y Ministerio de Desarrollo Social de la provincia por la desactualizaci\u00f3n de las partidas, los concejales pidieron datos sobre los montos que se destinan para los comedores escolares y barriales, centros de d\u00eda, centros de atenci\u00f3n primaria de la salud, comedores y copas de leche comunitarios y clubes.<\/p>\n<p>Adem\u00e1s, consultaron sobre la cantidad de personas asistidas en estos espacios.<\/p>\n<h6>Fuente: La Capital<\/h6>\n","protected":false},"excerpt":{"rendered":"<p>La oposici\u00f3n pidi\u00f3 convocar a las autoridades de la Cocina Centralizada para que expliquen los cambios en los men\u00fas.<\/p>\n","protected":false},"author":2,"featured_media":83594,"comment_status":"closed","ping_status":"closed","sticky":false,"template":"","format":"standard","meta":{"footnotes":""},"categories":[2],"tags":[10],"class_list":["post-83593","post","type-post","status-publish","format-standard","has-post-thumbnail","hentry","category-informe-municipal","tag-santa-fe"],"_links":{"self":[{"href":"http:\/\/argentinamunicipal.com.ar\/argentina\/wp-json\/wp\/v2\/posts\/83593","targetHints":{"allow":["GET"]}}],"collection":[{"href":"http:\/\/argentinamunicipal.com.ar\/argentina\/wp-json\/wp\/v2\/posts"}],"about":[{"href":"http:\/\/argentinamunicipal.com.ar\/argentina\/wp-json\/wp\/v2\/types\/post"}],"author":[{"embeddable":true,"href":"http:\/\/argentinamunicipal.com.ar\/argentina\/wp-json\/wp\/v2\/users\/2"}],"replies":[{"embeddable":true,"href":"http:\/\/argentinamunicipal.com.ar\/argentina\/wp-json\/wp\/v2\/comments?post=83593"}],"version-history":[{"count":0,"href":"http:\/\/argentinamunicipal.com.ar\/argentina\/wp-json\/wp\/v2\/posts\/83593\/revisions"}],"wp:featuredmedia":[{"embeddable":true,"href":"http:\/\/argentinamunicipal.com.ar\/argentina\/wp-json\/wp\/v2\/media\/83594"}],"wp:attachment":[{"href":"http:\/\/argentinamunicipal.com.ar\/argentina\/wp-json\/wp\/v2\/media?parent=83593"}],"wp:term":[{"taxonomy":"category","embeddable":true,"href":"http:\/\/argentinamunicipal.com.ar\/argentina\/wp-json\/wp\/v2\/categories?post=83593"},{"taxonomy":"post_tag","embeddable":true,"href":"http:\/\/argentinamunicipal.com.ar\/argentina\/wp-json\/wp\/v2\/tags?post=83593"}],"curies":[{"name":"wp","href":"https:\/\/api.w.org\/{rel}","templated":true}]}}