{"id":83634,"date":"2018-11-06T06:47:31","date_gmt":"2018-11-06T09:47:31","guid":{"rendered":"http:\/\/argentinamunicipal.com.ar\/argentina\/?p=83634"},"modified":"2018-11-06T06:47:31","modified_gmt":"2018-11-06T09:47:31","slug":"efecto-bolsonaro","status":"publish","type":"post","link":"http:\/\/argentinamunicipal.com.ar\/argentina\/efecto-bolsonaro\/","title":{"rendered":"Efecto Bolsonaro"},"content":{"rendered":"<p>El Gobierno sigue apostando al efecto Bolsonaro en su discurso p\u00fablico y reflot\u00f3, a trav\u00e9s de algunos medios, la promesa de enviar el\u00a0 anteproyecto de un\u00a0nuevo C\u00f3digo Penal, que\u00a0contempla modificaciones en los art\u00edculos referidos a cortes de calle o \u00abatentados a la seguridad p\u00fablica\u00bb, propuesto\u00a0en junio pasado por la comisi\u00f3n encabezada por el camarista Mariano Borinsky. Entre otros cambios, el borrador\u00a0tambi\u00e9n contempla el endurecimiento de las pol\u00edticas oficiales hacia los inmigrantes. Borinsky, por su parte,\u00a0indic\u00f3\u00a0que \u00abno todo es nuevo en el C\u00f3digo\u00bb\u00a0y precis\u00f3 que en el caso de los cortes de calle se busc\u00f3\u00a0\u00absintetizar\u00bb la \u00abdiscusi\u00f3n judicial de los \u00faltimos 15 a\u00f1os\u00bb. Pocos d\u00edas despu\u00e9s de\u00a0que la ministra de\u00a0Seguridad, Patricia Bullrich, alentara a quien quisiera tener\u00a0un arma que la tuviera, el camarista\u00a0subray\u00f3 que el anteproyecto agrava la pena para quienes porten armas sin permiso.<\/p>\n<p>A pesar de que fueron fuentes oficiosas\u00a0las que reflotaron el tema del anteproyecto y cargaron las tintas contra los inmigrantes y contra\u00a0quienes corten las calles, la ministra de Desarrollo Social, Carolina Stanley, reconoci\u00f3 que \u00abno est\u00e1 al tanto de la propuesta\u00bb, mientras que su colega\u00a0de Educaci\u00f3n, Alejandro Finnochiaro, baj\u00f3 el tono y sostuvo que el Gobierno \u00abno va por el endurecimiento\u00bb sino por \u00abel cumplimiento\u00bb de la ley.<\/p>\n<p>A su vez\u00a0fuentes del oficialismo en el Congreso, consultadas por\u00a0P\u00e1ginaI12,\u00a0indicaron que estaba acordado ingresar el anteproyecto por la C\u00e1mara\u00a0alta\u00a0pero aclararon\u00a0que no estaba en la agenda legislativa avanzar con el debate este a\u00f1o, luego de que el propio presidente Mauricio Macri cancelara la presentaci\u00f3n del nuevo c\u00f3digo\u00a0en agosto pasado para evitar reabrir la interna de Cambiemos respecto de la\u00a0penalizaci\u00f3n del aborto, algo que mantiene la propuesta redactada\u00a0por la Comisi\u00f3n Redactora.<\/p>\n<p>Las supuestas novedades del anteproyecto, que est\u00e1 en manos de la Casa Rosada desde junio pasado,\u00a0fueron divulgadas\u00a0a trav\u00e9s de una serie de notas en las que fuentes oficiales afirmaban que el\u00a0\u00abvalor de la convivencia en la calle ha tenido muy pocas sanciones\u00bb y eso\u00a0debe \u00abempezar a\u00a0cambiar\u00bb. Sin embargo, el presidente de la comisi\u00f3n redactora, en di\u00e1logo con radio La Red, aclar\u00f3 que el anteproyecto \u00absigue la l\u00ednea que ya establec\u00eda\u00bb la normativa anterior y que\u00a0\u00abno todo es nuevo\u00bb, por lo que resalt\u00f3 que las penas contempladas para los cortes de calle que entorpezcan el servicio p\u00fablico \u00abson las mismas\u00bb que existen en la legislaci\u00f3n vigente.<\/p>\n<p>Borinsky aclar\u00f3 que lo que incorpora el anteproyecto es la obligaci\u00f3n de contar con una autorizaci\u00f3n para no ser sancionado por entorpecer los medios alternativos, como es el caso de los autos\u00a0particulares, mientras que se preserva el respecto a otros derechos individuales, como permitir el paso de una ambulancia, algo que hoy ocurre en la pr\u00e1ctica\u00a0y que adem\u00e1s cuenta con fallos favorables de tribunales provinciales e incluso de la Corte Suprema. \u00abPara unificar estos criterios y para achicar m\u00e1rgenes de discrecionalidad judicial, el nuevo c\u00f3digo hace una s\u00edntesis de la discusi\u00f3n de los \u00faltimos 15 a\u00f1os\u00bb, sostuvo el camarista.<\/p>\n<p>\u00abYo creo que hay que buscar di\u00e1logo y no criminalizar la protesta. Pero ya estamos en campa\u00f1a y se dice cualquier cosa\u00bb, lament\u00f3 el dirigente de Barrios de Pie, Daniel Men\u00e9ndez.\u00a0\u00abEl endurecimiento del aparato represivo no hace m\u00e1s que empeorar la situaci\u00f3n\u00bb, advirti\u00f3 Men\u00e9ndez, quien adem\u00e1s\u00a0dijo qu espera\u00a0 que el \u00abescenario de tristeza y de bronca\u00bb que hay en la sociedad no derive \u00aben algo conflictivo en diciembre\u00bb.<\/p>\n<p>Otro de los puntos del anteproyecto\u00a0que fueron puestos nuevamente en discusi\u00f3n est\u00e1\u00a0reflejado\u00a0en el t\u00edtulo dedicado al \u00abtr\u00e1fico y permanencia ilegal de migrantes\u00bb, que contempla sancionar la utilizaci\u00f3n de documentos falsos, algo\u00a0que hasta ahora era solo un agravante, y otra pena para quien incumpla la prohibici\u00f3n de reingreso al pa\u00eds luego de haber sido expulsado de acuerdo con la Ley de Migraciones.<\/p>\n<p>En caso de que el oficialismo\u00a0decidiera finalmente ingresar el anteproyecto este a\u00f1o, fuentes del propio Gobierno confirmaron a\u00a0P\u00e1ginaI12\u00a0que se hab\u00eda acordado que se hiciera por el Senado, pero que el debate ya hab\u00eda quedado fuera de la agenda para este a\u00f1o legislativo. Por un lado, las sesiones que quedan por delante en el Congreso son escasas\u00a0y a\u00fan resta el acuerdo por el Presupuesto 2019. El bloque oficalista mantiene, adem\u00e1s, diferencias acerca de\u00a0la penalizaci\u00f3n del aborto, que quedaron expuestas en el debate por la ley de Interrupci\u00f3n Voluntario del Embarazo.<\/p>\n<p>El anteproyecto\u00a0de la reforma de 540 art\u00edculos iba a ser presentado por Macri en un acto en el CCK el 21 de agosto pasado, dos semanas despu\u00e9s del rechazo a la legalizaci\u00f3n del aborto, pero fue pospuesta sin fecha por decisi\u00f3n del Poder Ejecutivo debido a la falta de acuerdo dentro de la alianza gobernante\u00a0acerca de\u00a0los art\u00edculos que ratifican la penalizaci\u00f3n del aborto. El art\u00edculo de la discord\u00eda es el 88, en el que la Comisi\u00f3n Redactora propuso reducir la pena por la pr\u00e1ctica del aborto a 3 a\u00f1os, lo que la transforma en en un delito excarcelable, pero mantiene la penalizaci\u00f3n y el estigma sobre las mujeres. Las fuentes parlamentarias del oficialismo consultados por este diario confirmaron que ese debate a\u00fan no fue saldado.<\/p>\n<p>Al momento de defender la condena al aborto, Borinsky hab\u00eda destacado que la reducci\u00f3n de la pena para esa pr\u00e1ctica era la \u00fanica concedida en los 540 art\u00edculos del nuevo c\u00f3digo. Esta ma\u00f1ana, al responder a la invitaci\u00f3n de Bullrich a portar armas, el camarista subray\u00f3 que la simple portaci\u00f3n de armas sin permiso\u00a0ser\u00e1 uno los delitos cuya pena se aumentar\u00e1\u00a0en caso de que el anteproyecto sea aprobado sin modificaciones. \u00abEl C\u00f3digo Penal contempla que si una persona est\u00e1 armada sin autorizaci\u00f3n, sin necesidad de que cometa otro delito, recibir\u00e1 una pena de cumplimiento efectivo de c\u00e1rcel\u00bb, advirti\u00f3\u00a0el camarista.<\/p>\n<h6>Fuente: P\u00e1gina 12<\/h6>\n","protected":false},"excerpt":{"rendered":"<p>El Gobierno sigue apostando al efecto Bolsonaro en su discurso p\u00fablico y reflot\u00f3, a trav\u00e9s de algunos medios, la promesa de enviar el\u00a0 anteproyecto de un\u00a0nuevo C\u00f3digo Penal<\/p>\n","protected":false},"author":2,"featured_media":83635,"comment_status":"closed","ping_status":"closed","sticky":false,"template":"","format":"standard","meta":{"footnotes":""},"categories":[8],"tags":[21],"class_list":["post-83634","post","type-post","status-publish","format-standard","has-post-thumbnail","hentry","category-informe-nacional","tag-argentina"],"_links":{"self":[{"href":"http:\/\/argentinamunicipal.com.ar\/argentina\/wp-json\/wp\/v2\/posts\/83634","targetHints":{"allow":["GET"]}}],"collection":[{"href":"http:\/\/argentinamunicipal.com.ar\/argentina\/wp-json\/wp\/v2\/posts"}],"about":[{"href":"http:\/\/argentinamunicipal.com.ar\/argentina\/wp-json\/wp\/v2\/types\/post"}],"author":[{"embeddable":true,"href":"http:\/\/argentinamunicipal.com.ar\/argentina\/wp-json\/wp\/v2\/users\/2"}],"replies":[{"embeddable":true,"href":"http:\/\/argentinamunicipal.com.ar\/argentina\/wp-json\/wp\/v2\/comments?post=83634"}],"version-history":[{"count":0,"href":"http:\/\/argentinamunicipal.com.ar\/argentina\/wp-json\/wp\/v2\/posts\/83634\/revisions"}],"wp:featuredmedia":[{"embeddable":true,"href":"http:\/\/argentinamunicipal.com.ar\/argentina\/wp-json\/wp\/v2\/media\/83635"}],"wp:attachment":[{"href":"http:\/\/argentinamunicipal.com.ar\/argentina\/wp-json\/wp\/v2\/media?parent=83634"}],"wp:term":[{"taxonomy":"category","embeddable":true,"href":"http:\/\/argentinamunicipal.com.ar\/argentina\/wp-json\/wp\/v2\/categories?post=83634"},{"taxonomy":"post_tag","embeddable":true,"href":"http:\/\/argentinamunicipal.com.ar\/argentina\/wp-json\/wp\/v2\/tags?post=83634"}],"curies":[{"name":"wp","href":"https:\/\/api.w.org\/{rel}","templated":true}]}}