{"id":83660,"date":"2018-11-06T06:13:07","date_gmt":"2018-11-06T09:13:07","guid":{"rendered":"http:\/\/argentinamunicipal.com.ar\/argentina\/?p=83660"},"modified":"2018-11-06T07:15:17","modified_gmt":"2018-11-06T10:15:17","slug":"la-crisis-golpea-a-todo-el-pueblo","status":"publish","type":"post","link":"http:\/\/argentinamunicipal.com.ar\/argentina\/la-crisis-golpea-a-todo-el-pueblo\/","title":{"rendered":"\u201cLa crisis golpea a todo el pueblo\u201d"},"content":{"rendered":"<p>En la asamblea de obispos, Oscar Ojea se\u00f1al\u00f3 que la crisis \u201cva resintiendo la confianza en la dirigencia pol\u00edtica\u201d e hizo una autocr\u00edtica sobre el rol de la Iglesia. Fuentes del Episcopado desmintieron que se vaya a tomar ahora una decisi\u00f3n sobre el financiamiento eclesi\u00e1stico.<\/p>\n<p>El presidente de la Conferencia Episcopal Argentina (CEA), Oscar Ojea, dijo al iniciar la asamblea de los obispos cat\u00f3licos reunidos desde ayer en Pilar que \u201cestamos terminando un a\u00f1o sumamente dif\u00edcil\u201d, marcado por acontecimientos que \u201cnos han provocado perplejidad\u201d y \u201cnos plantean grandes desaf\u00edos pastorales\u201d. En su homil\u00eda, el obispo de San Isidro enumer\u00f3 tales hechos incluyendo all\u00ed \u201cla habilitaci\u00f3n del debate sobre el aborto\u201d, \u201cel fen\u00f3meno de las apostas\u00edas\u201d, \u201clas denuncias de abusos que aumentan el dolor en lo m\u00e1s profundo del coraz\u00f3n de la Iglesia\u201d y los \u201cataques a la persona del Santo Padre desde dentro y desde fuera de la Iglesia de un modo que no tiene precedentes\u201d.<\/p>\n<p>\u201cTodo esto \u2013sigui\u00f3 diciendo Ojea en la misa inaugural\u2013 lo hemos vivido en medio de una crisis social y econ\u00f3mica que golpea a todo el pueblo argentino, y que va resintiendo la confianza en la dirigencia pol\u00edtica, aumentando el mal humor social, el enojo y la intolerancia que hace muy crispada la convivencia.\u201d<\/p>\n<p>Como es habitual en cada asamblea, los obispos cat\u00f3licos iniciaron su segundo encuentro del a\u00f1o en la casa de ejercicios espirituales El Cen\u00e1culo (La Montonera), con una puesta al d\u00eda de la realidad del pa\u00eds a trav\u00e9s de la mirada de los responsables eclesi\u00e1sticos. De la reuni\u00f3n, que se extender\u00e1 hasta el pr\u00f3ximo viernes, participan 93 obispos diocesanos y auxiliares. Fueron invitados tambi\u00e9n 43 obispos em\u00e9ritos (ya retirados) y el nuncio apost\u00f3lico (embajador vaticano), obispo L\u00e9on Kalenga Badikebele.<\/p>\n<p>Ojea les pidi\u00f3 a sus colegas obispos dejar de lado \u201cla ira, el enojo o la victimizaci\u00f3n\u201d frente a las nuevas situaciones y tampoco caer en la \u201cpar\u00e1lisis y la inmovilidad\u201d para, por el contrario, \u201cromper el c\u00edrculo cerrado de la comodidad\u201d e invitar \u201ca los excluidos, a los pobres, a los lisiados, a los ciegos\u201d siguiendo el ejemplo de Jes\u00fas.<\/p>\n<p>Dijo tambi\u00e9n que los obispos \u201ctenemos que aprender a desprendernos de un reconocimiento social que ten\u00edamos en otro tiempo y que vamos dejando de tener\u201d. Y anim\u00f3 a sus pares a actuar con humildad, paciencia y coraje para \u201cencarar los cambios\u201d y \u201cpara hablar libremente y con verdad incluso en situaciones adversas\u201d.<\/p>\n<p><strong>Inquietudes y reflexiones<\/strong><br \/>\nEn la primera sesi\u00f3n realizada el lunes por la tarde, los obispos hablaron sobre de la realidad nacional. Es una instancia que suele denominarse \u201cintercambio pastoral\u201d, oportunidad en la que los obispos \u201ccomparten entre s\u00ed inquietudes y reflexiones pastorales en torno a temas diversos\u201d, de acuerdo a lo expresado en la informaci\u00f3n oficial. De este di\u00e1logo surgen criterios comunes para el accionar de la Iglesia Cat\u00f3lica en el pa\u00eds y, en ciertas ocasiones, se sientan las bases para un documento colectivo que se emite al final del plenario. Hasta el momento no hay confirmaci\u00f3n de que ello pueda ocurrir en esta oportunidad.<\/p>\n<p>En su agenda, los obispos incluyeron tambi\u00e9n una consideraci\u00f3n acerca de la iniciativa destinada a prescindir de los aportes del Estado para la Iglesia Cat\u00f3lica. Sin embargo, las fuentes oficiales del Episcopado desmintieron totalmente que una decisi\u00f3n al respecto vaya a ocurrir ahora por cuanto a\u00fan no se avanz\u00f3 lo suficiente como para tomar una determinaci\u00f3n en ese sentido. Muchos obispos consideran que una medida en tal sentido constituir\u00eda un mensaje importante hacia la sociedad respecto de la autonom\u00eda de la Iglesia para expedirse sobre diferentes temas.<\/p>\n<p>En el transcurso de la asamblea, los obispos recibir\u00e1n la visita del cardenal Peter Turkson, prefecto (ministro) del Dicasterio para el Servicio del Desarrollo Humano Integral, un organismo creado \u00faltimamente por el papa Francisco para hacerse cargo de los temas sociales. Turkson informar\u00e1 a los obispos argentinos acerca del funcionamiento del \u00e1rea a su cargo.<\/p>\n<p>Habr\u00e1 tambi\u00e9n una evaluaci\u00f3n por parte de los obispos de todo lo sucedido en torno al debate y la resoluci\u00f3n legislativa en relaci\u00f3n con el proyecto de interrupci\u00f3n voluntaria del embarazo.<\/p>\n<p>Respecto de los temas sociales, llamaron la atenci\u00f3n las manifestaciones del recientemente designado arzobispo de La Plata, V\u00edctor Manuel Fern\u00e1ndez, en l\u00ednea tambi\u00e9n con algunos de los dichos de Ojea. En declaraciones al diario El D\u00eda de la capital bonaerense, el arzobispo sostuvo que en el mundo existe un fuerte predominio del \u201cpensamiento neoliberal\u201d que rechaza que la Iglesia hable de cuestiones sociales y que \u201cla prefiere encerrada en la sacrist\u00eda\u201d. Y agreg\u00f3 que en la Argentina esa postura neoliberal se acentu\u00f3 en los medios de comunicaci\u00f3n, que \u201cparecen responder a ese paradigma\u201d, ya sea por intereses econ\u00f3micos, \u201cpor alianzas de sus due\u00f1os o por pasiones pol\u00edticas\u201d.<\/p>\n<p>El arzobispo Fern\u00e1ndez \u2013uno de los prelados m\u00e1s cercanos a Francisco\u2013 dijo tambi\u00e9n que en las cuestiones sociales la Iglesia se pone \u201cinevitablemente del lado de los m\u00e1s d\u00e9biles y perjudicados\u201d, pero no por una cuesti\u00f3n de oposici\u00f3n pol\u00edtica, \u201csino porque nos interesa cuidar la dignidad de los m\u00e1s desprotegidos\u201d. Y agreg\u00f3 que \u201clos obispos actuales hablamos muy poco sobre los problemas sociales; y lo hacemos con miedo a quedar en rid\u00edculo por los propios pecados de la Iglesia\u201d.<\/p>\n<h6>Fuente: P\u00e1gina 12<\/h6>\n","protected":false},"excerpt":{"rendered":"<p>En la asamblea de obispos, Oscar Ojea se\u00f1al\u00f3 que la crisis \u201cva resintiendo la confianza en la dirigencia pol\u00edtica\u201d e hizo una autocr\u00edtica sobre el rol de la Iglesia.<\/p>\n","protected":false},"author":2,"featured_media":83661,"comment_status":"closed","ping_status":"closed","sticky":false,"template":"","format":"standard","meta":{"footnotes":""},"categories":[8],"tags":[21],"class_list":["post-83660","post","type-post","status-publish","format-standard","has-post-thumbnail","hentry","category-informe-nacional","tag-argentina"],"_links":{"self":[{"href":"http:\/\/argentinamunicipal.com.ar\/argentina\/wp-json\/wp\/v2\/posts\/83660","targetHints":{"allow":["GET"]}}],"collection":[{"href":"http:\/\/argentinamunicipal.com.ar\/argentina\/wp-json\/wp\/v2\/posts"}],"about":[{"href":"http:\/\/argentinamunicipal.com.ar\/argentina\/wp-json\/wp\/v2\/types\/post"}],"author":[{"embeddable":true,"href":"http:\/\/argentinamunicipal.com.ar\/argentina\/wp-json\/wp\/v2\/users\/2"}],"replies":[{"embeddable":true,"href":"http:\/\/argentinamunicipal.com.ar\/argentina\/wp-json\/wp\/v2\/comments?post=83660"}],"version-history":[{"count":0,"href":"http:\/\/argentinamunicipal.com.ar\/argentina\/wp-json\/wp\/v2\/posts\/83660\/revisions"}],"wp:featuredmedia":[{"embeddable":true,"href":"http:\/\/argentinamunicipal.com.ar\/argentina\/wp-json\/wp\/v2\/media\/83661"}],"wp:attachment":[{"href":"http:\/\/argentinamunicipal.com.ar\/argentina\/wp-json\/wp\/v2\/media?parent=83660"}],"wp:term":[{"taxonomy":"category","embeddable":true,"href":"http:\/\/argentinamunicipal.com.ar\/argentina\/wp-json\/wp\/v2\/categories?post=83660"},{"taxonomy":"post_tag","embeddable":true,"href":"http:\/\/argentinamunicipal.com.ar\/argentina\/wp-json\/wp\/v2\/tags?post=83660"}],"curies":[{"name":"wp","href":"https:\/\/api.w.org\/{rel}","templated":true}]}}