{"id":83884,"date":"2018-11-13T05:20:21","date_gmt":"2018-11-13T08:20:21","guid":{"rendered":"http:\/\/argentinamunicipal.com.ar\/argentina\/?p=83884"},"modified":"2018-11-12T19:39:34","modified_gmt":"2018-11-12T22:39:34","slug":"la-union-industrial-de-santa-fe-pide-a-la-provincia-que-declare-la-emergencia","status":"publish","type":"post","link":"http:\/\/argentinamunicipal.com.ar\/argentina\/la-union-industrial-de-santa-fe-pide-a-la-provincia-que-declare-la-emergencia\/","title":{"rendered":"La Uni\u00f3n Industrial de Santa Fe pide a la provincia que declare la emergencia"},"content":{"rendered":"<p>Aseguran que muchas empresas de la regi\u00f3n est\u00e1n al borde del colapso.<\/p>\n<p>La Uni\u00f3n Industrial de Santa Fe (UISF) pidi\u00f3 al gobierno provincial declarar la emergencia industrial por 180 d\u00edas, que deber\u00eda funcionar de manera similar a la agropecuaria, la adopci\u00f3n de una serie de medidas de asistencia financiera, impositiva e incentivos productivos para paliar la severa crisis que atraviesa el sector productivo de la ca\u00edda del poder adquisitivo, las altas tasas de inter\u00e9s, la inflaci\u00f3n y la recesi\u00f3n.<\/p>\n<p>\u201cLa industria santafesina afronta un cuadro extremadamente complejo donde muchas industrias en la provincia est\u00e1n al borde del colapso productivo y ello requiere tomar medidas urgentes\u201d, expresaron, al tiempo que piden al gobierno de Lifschitz trabajar sobre el costo energ\u00e9tico, el seguro ambiental y la industria del juicio laboral durante el per\u00edodo de emergencia.<\/p>\n<p>Entre las medidas que piden tomar est\u00e1n la fijaci\u00f3n durante la emergencia de una tasa preferencial del 29% para la l\u00ednea de descuentos de cheques hasta 90 d\u00edas que pueden ser negociadas con el Banco Provincial de Santa Fe o con el Banco Naci\u00f3n y la negociaci\u00f3n con la Naci\u00f3n de las mismas l\u00edneas de asistencia financiera que otras provincias est\u00e1n recibiendo (ej. Fondep que asign\u00f3 2.000 millones a Bs As).<\/p>\n<p>Tambi\u00e9n piden modificar el Compre Santafesino para darle preferencia autom\u00e1tica a las Pymes santafesinas en las compras del Estado cuando su oferta sea hasta un 5% mayor a la mejor oferta o de permitirles mejorar la mejor oferta en un concurso donde la diferencia de precios no supere el 10%.<\/p>\n<p>Los primeros d\u00edas de septiembre, cuando se celebr\u00f3 el D\u00eda de la Industria, el presidente de la UISF, Javier Mart\u00edn, traz\u00f3 un dram\u00e1tico diagn\u00f3stico de la situaci\u00f3n por la que atraviesa el sector, dijo que las pol\u00edticas del gobierno provocaron un \u201cdesastre productivo\u201d en el pa\u00eds y ya entonces pidi\u00f3 al sector p\u00fablico local trabajar en conjunto con el privado para construir una provincia productiva.<\/p>\n<p><strong>Bajar el costo energ\u00e9tico<\/strong><\/p>\n<p>Los industriales locales piden adem\u00e1s a la administraci\u00f3n Lifschitz la reducci\u00f3n de la presi\u00f3n tributaria sobre las tarifas el\u00e9ctricas -donde se recarga el costo de la energ\u00eda con una serie de impuestos nacionales, provinciales y municipales- que aumentan con cada incremento de la tarifa el\u00e9ctrica (fondos especiales, contribuciones municipales, tasas, alumbrado barrido y limpieza, etc.) y piden que la tarifa de energ\u00eda industrial est\u00e9 exenta de Ingresos Brutos y de todo otro tributo, tasa o contribuci\u00f3n.<\/p>\n<p>Tambi\u00e9n piden que se establezca una tarifa de energ\u00eda industrial diferenciada para las industrias radicadas en la provincia, una moratoria por deudas de energ\u00eda el\u00e9ctrica con planes de pago a tasas razonables y la suspensi\u00f3n de los cortes de servicio por 180 d\u00edas.<\/p>\n<p><strong>Otras medidas<\/strong><\/p>\n<p>Finalmente, los industriales solicitan la creaci\u00f3n de un fideicomiso provincial de seguro ambiental industrial que brinde cobertura de seguro real contra accidentes ambientales para el sector industrial y con el excedente de lo recaudado, otorgar cr\u00e9ditos al mencionado sector y reducir las al\u00edcuotas para bajar el costo del seguro.<\/p>\n<p>Tambi\u00e9n solicitan la suspensi\u00f3n de las intimaciones que realiza la Secretar\u00eda de Medio Ambiente durante la emergencia industrial, la adhesi\u00f3n de la provincia a la nueva Ley de ART condicionada a la creaci\u00f3n de las nuevas comisiones m\u00e9dicas, tal cual hicieron otras provincias, avanzar junto con la Superintendencia de Riesgos del Trabajo de la Naci\u00f3n en la conformaci\u00f3n de las nuevas comisiones m\u00e9dicas donde sea necesario impulsar un trabajo articulado con el Ministerio de Trabajo, de Justicia y el Poder Judicial para bajar el costo por litigiosidad laboral que en la provincia de Santa Fe golpea sobremanera a las pymes.<\/p>\n<p><strong>Asistencia impositiva<\/strong><\/p>\n<p>En otro orden, solicitan refinanciar las deudas impositivas ya devengadas de las industrias con el API a tasa preferencial por los 180 d\u00edas de la emergencia; eliminar la aplicaci\u00f3n de Ingresos Brutos a la energ\u00eda el\u00e9ctrica industrial consumida en la provincia; invitar a los municipios a eliminar por lo menos un 50% de los distintos cargos, contribuciones, tasas, etc. que se aplican sobre los consumos de energ\u00eda el\u00e9ctrica industrial; refinanciar el 50% del impuesto a los Ingresos Brutos generado durante el periodo de la emergencia en 6 cuotas a pagar a partir de la finalizaci\u00f3n de la emergencia en un plan de pago establecido por el API; restablecer los planes caducos para las pymes que, aun queriendo cumplir, no pudieron hacerlo por las dificultades econ\u00f3micas; suspender los embargos durante el per\u00edodo de la emergencia; invitar a los municipios a eliminar o por lo menos reducir en un 50% el Drei Derecho Registro e Inspecci\u00f3n en consonancia con el esfuerzo realizado por la provincia y devolver autom\u00e1ticamente los saldos a favor con el API via web a partir del mes siguiente a la declaraci\u00f3n jurada.<\/p>\n<p><strong>Gas a Chile<\/strong><\/p>\n<p>El gobierno oficializ\u00f3 este lunes la autorizaci\u00f3n a la empresa Pan American Energy para exportar gas a Chile hasta octubre de 2019 o hasta un stock integrado por un volumen m\u00e1ximo de 1.500.000 metros c\u00fabicos por d\u00eda. El permiso para exportar el gas tiene car\u00e1cter interrumpible, por lo que se podr\u00e1 cortar el env\u00edo de gas al pa\u00eds vecino en caso de que la demanda interna se incremente de tal manera que sea necesario utilizar los excedentes en la Argentina.<\/p>\n<h6>Fuente: El Litoral<\/h6>\n","protected":false},"excerpt":{"rendered":"<p>Aseguran que muchas empresas de la regi\u00f3n est\u00e1n al borde del colapso.<\/p>\n","protected":false},"author":2,"featured_media":83885,"comment_status":"closed","ping_status":"closed","sticky":false,"template":"","format":"standard","meta":{"footnotes":""},"categories":[65],"tags":[10],"class_list":["post-83884","post","type-post","status-publish","format-standard","has-post-thumbnail","hentry","category-provincias","tag-santa-fe"],"_links":{"self":[{"href":"http:\/\/argentinamunicipal.com.ar\/argentina\/wp-json\/wp\/v2\/posts\/83884","targetHints":{"allow":["GET"]}}],"collection":[{"href":"http:\/\/argentinamunicipal.com.ar\/argentina\/wp-json\/wp\/v2\/posts"}],"about":[{"href":"http:\/\/argentinamunicipal.com.ar\/argentina\/wp-json\/wp\/v2\/types\/post"}],"author":[{"embeddable":true,"href":"http:\/\/argentinamunicipal.com.ar\/argentina\/wp-json\/wp\/v2\/users\/2"}],"replies":[{"embeddable":true,"href":"http:\/\/argentinamunicipal.com.ar\/argentina\/wp-json\/wp\/v2\/comments?post=83884"}],"version-history":[{"count":0,"href":"http:\/\/argentinamunicipal.com.ar\/argentina\/wp-json\/wp\/v2\/posts\/83884\/revisions"}],"wp:featuredmedia":[{"embeddable":true,"href":"http:\/\/argentinamunicipal.com.ar\/argentina\/wp-json\/wp\/v2\/media\/83885"}],"wp:attachment":[{"href":"http:\/\/argentinamunicipal.com.ar\/argentina\/wp-json\/wp\/v2\/media?parent=83884"}],"wp:term":[{"taxonomy":"category","embeddable":true,"href":"http:\/\/argentinamunicipal.com.ar\/argentina\/wp-json\/wp\/v2\/categories?post=83884"},{"taxonomy":"post_tag","embeddable":true,"href":"http:\/\/argentinamunicipal.com.ar\/argentina\/wp-json\/wp\/v2\/tags?post=83884"}],"curies":[{"name":"wp","href":"https:\/\/api.w.org\/{rel}","templated":true}]}}