{"id":83893,"date":"2018-11-13T06:20:44","date_gmt":"2018-11-13T09:20:44","guid":{"rendered":"http:\/\/argentinamunicipal.com.ar\/argentina\/?p=83893"},"modified":"2018-11-12T19:52:37","modified_gmt":"2018-11-12T22:52:37","slug":"colectan-alimentos-para-saciar-el-hambre-en-una-escuela-de-casilda","status":"publish","type":"post","link":"http:\/\/argentinamunicipal.com.ar\/argentina\/colectan-alimentos-para-saciar-el-hambre-en-una-escuela-de-casilda\/","title":{"rendered":"Colectan alimentos para saciar el hambre en una escuela de Casilda"},"content":{"rendered":"<p>La preocupante situaci\u00f3n social para contener la demanda se manifest\u00f3 con crudeza ante una colecta del Centro de Estudiantes del EET 383<\/p>\n<p>La crisis en la industria metalmec\u00e1nica y la retracci\u00f3n de la actividad econ\u00f3mica a causa de la ca\u00edda del consumo no s\u00f3lo atenta contra el trabajo local sino que se traduce en necesidades sociales cada vez m\u00e1s evidentes en la ciudad de Casilda.<\/p>\n<p>Esta localidad fundada por Don Carlos Casado del Alisal y a la que suelen llamar la Villa M\u00e1s Bonita tambi\u00e9n muestra con cierto asombro para propios y extra\u00f1os su costado flaco de la pobreza que ya supera acciones del Estado y busca respuestas en la solidaridad de la poblaci\u00f3n.<\/p>\n<p>Comedores y merenderos, entre otros espacios para intentar contener la creciente demanda, reflejan una preocupante situaci\u00f3n socioecon\u00f3mica. Pero el indicador de m\u00e1s impacto lo aport\u00f3 el Centro de Estudiantes de la Escuela de Educaci\u00f3n T\u00e9cnica (EET) N\u00ba 283 \u00abDo\u00f1a Ramona Sastre de Casado\u00bb al organizar una colecta de alimentos no perecederos para hacer frente a necesidades de alumnos que van a la escuela y \u00abtienen hambre\u00bb.<\/p>\n<p>La altruista actividad dej\u00f3 al desnudo la gravedad de una problem\u00e1tica que nunca se hab\u00eda manifestado, al menos con tanta crudeza, en esta ciudad cabecera del departamento Caseros que forma parte del n\u00facleo sojero del pa\u00eds. \u00abLa (dif\u00edcil) situaci\u00f3n econ\u00f3mica es el problema que afecta a muchas familias que no le alcanza para comer y entonces los chicos vienen (a la escuela) y piden\u00bb. Con esa contundente y reveladora frase el director del establecimiento educativo, Diego Mora, describi\u00f3 el angustiante panorama.<\/p>\n<p>Asegur\u00f3 que \u00abentre un 25 y 30 por ciento\u00bb de la poblaci\u00f3n estudiantil, compuesta por 350 alumnos entre turnos ma\u00f1ana y tarde, padecen \u00aben mayor y menor medida\u00bb necesidades alimentarias. \u00abA medida que se reciben alimentos se lo entregamos a los chicos y ya queda poco por las necesidad que hay\u00bb, cont\u00f3 Mora,<\/p>\n<p><strong>Como nunca antes<\/strong><\/p>\n<p>Y agreg\u00f3 el directivo del establecimiento educativo: \u00abNunca antes vi una situaci\u00f3n as\u00ed en la instituci\u00f3n\u00bb. Asimismo el docente advirti\u00f3 sobre \u00abcasos extremos\u00bb de alumnos que se descompusieron en la escuela por problemas de alimentaci\u00f3n, y admiti\u00f3 adem\u00e1s que \u00abhay chicos que a veces no vienen porque tienen hambre y prefieren quedarse en la casa\u00bb.<\/p>\n<p>Al reflexionar sobre el tema, sostuvo que \u00absi un estudiante no tiene garantizadas las necesidades b\u00e1sicas es dif\u00edcil que pueda concentrarse en el aula cuando un profesor explica\u00bb al tiempo que ponder\u00f3 el criterio de que \u00absiempre transmitimos a los chicos que estudiando van a tener mayores posibilidades para desarrollarse\u00bb.<\/p>\n<p>Mora rescat\u00f3 la \u00absolidaridad\u00bb del centro de estudiantes al llevar adelante la iniciativa de recolectar alimentos, lo que evalu\u00f3 como un importante paliativo para afrontar necesidades al menos hasta que la EET pueda poner en marcha el servicio de copa de leche que gestion\u00f3 ante la provincia en agosto y a\u00fan no fue satisfecho.<\/p>\n<p>En tal sentido explic\u00f3 que \u00abel pedido lo hicimos porque lo sugirieron autoridades de la regi\u00f3n del Ministerio de Educaci\u00f3n a las que le planteamos la complicada situaci\u00f3n que ya hab\u00eda y ahora se agrav\u00f3\u00bb, al verse afectada la calidad de vida de muchas familias casildenses ante la crisis que azota a toda la Argentina y se tradujo en despidos, suspensiones y recortes de jornadas de trabajo en varias empresas de la ciudad.<\/p>\n<p>Y la Escuela T\u00e9cnica 283 es un fiel reflejo de ello m\u00e1s a\u00fan al recibir una franja importante de estudiantes cuyos padres dependen de trabajos eventuales o empleos de bajos ingresos.<\/p>\n<p>\u00abUno no pierde las esperanzas pero lamentablemente si la situaci\u00f3n econ\u00f3mica del pa\u00eds no cambia el panorama social que vivimos no mejorar\u00e1\u00bb, dijo el director de esta escuela secundaria casildense cuyas terminalidades son t\u00e9cnico electr\u00f3nico y orientaci\u00f3n en artes visuales.<\/p>\n<p>Una actividad similar a la desarrollada actualmente se realiz\u00f3 en invierno donde se recolect\u00f3 ropa de abrigo. \u00abSi me preguntas en marzo si imaginaba esta realidad seguramente hubiese respondido que no porque cre\u00ed que ya se hab\u00eda llegado al tope pero lamentablemente la situaci\u00f3n fue empeorando\u00bb, dijo Mora.<\/p>\n<p>Y el golpe m\u00e1s duro suele sentirse en la \u00abpancita\u00bb de algunos estudiantes que a media ma\u00f1ana o durante las primeras horas de la tarde no ocultan su necesidad ante la sensibilidad docente que tambi\u00e9n aparece para saciar el hambre.<\/p>\n<h6>Fuente: La Capital<\/h6>\n","protected":false},"excerpt":{"rendered":"<p>La preocupante situaci\u00f3n social para contener la demanda se manifest\u00f3 con crudeza ante una colecta del Centro de Estudiantes del EET 383<\/p>\n","protected":false},"author":2,"featured_media":83894,"comment_status":"closed","ping_status":"closed","sticky":false,"template":"","format":"standard","meta":{"footnotes":""},"categories":[2],"tags":[10],"class_list":["post-83893","post","type-post","status-publish","format-standard","has-post-thumbnail","hentry","category-informe-municipal","tag-santa-fe"],"_links":{"self":[{"href":"http:\/\/argentinamunicipal.com.ar\/argentina\/wp-json\/wp\/v2\/posts\/83893","targetHints":{"allow":["GET"]}}],"collection":[{"href":"http:\/\/argentinamunicipal.com.ar\/argentina\/wp-json\/wp\/v2\/posts"}],"about":[{"href":"http:\/\/argentinamunicipal.com.ar\/argentina\/wp-json\/wp\/v2\/types\/post"}],"author":[{"embeddable":true,"href":"http:\/\/argentinamunicipal.com.ar\/argentina\/wp-json\/wp\/v2\/users\/2"}],"replies":[{"embeddable":true,"href":"http:\/\/argentinamunicipal.com.ar\/argentina\/wp-json\/wp\/v2\/comments?post=83893"}],"version-history":[{"count":0,"href":"http:\/\/argentinamunicipal.com.ar\/argentina\/wp-json\/wp\/v2\/posts\/83893\/revisions"}],"wp:featuredmedia":[{"embeddable":true,"href":"http:\/\/argentinamunicipal.com.ar\/argentina\/wp-json\/wp\/v2\/media\/83894"}],"wp:attachment":[{"href":"http:\/\/argentinamunicipal.com.ar\/argentina\/wp-json\/wp\/v2\/media?parent=83893"}],"wp:term":[{"taxonomy":"category","embeddable":true,"href":"http:\/\/argentinamunicipal.com.ar\/argentina\/wp-json\/wp\/v2\/categories?post=83893"},{"taxonomy":"post_tag","embeddable":true,"href":"http:\/\/argentinamunicipal.com.ar\/argentina\/wp-json\/wp\/v2\/tags?post=83893"}],"curies":[{"name":"wp","href":"https:\/\/api.w.org\/{rel}","templated":true}]}}