{"id":83898,"date":"2018-11-14T05:52:32","date_gmt":"2018-11-14T08:52:32","guid":{"rendered":"http:\/\/argentinamunicipal.com.ar\/argentina\/?p=83898"},"modified":"2018-11-13T19:02:31","modified_gmt":"2018-11-13T22:02:31","slug":"el-bono-divide-a-macri-vidal-y-larreta","status":"publish","type":"post","link":"http:\/\/argentinamunicipal.com.ar\/argentina\/el-bono-divide-a-macri-vidal-y-larreta\/","title":{"rendered":"El bono divide a Macri, Vidal y Larreta"},"content":{"rendered":"<p>La decisi\u00f3n del Presidente de impulsar el pago de un adicional de fin de a\u00f1o descoloc\u00f3 a los macristas que gobiernan los principales distritos del pa\u00eds. Varios gobernadores de la oposici\u00f3n anticiparon que s\u00ed dar\u00e1n el plus. Juan Manuel Urtubey dijo que no lo pagar\u00e1.<\/p>\n<p>Mar\u00eda Eugenia Vidal a\u00fan no define si la provincia pagar\u00e1 el bono de fin de a\u00f1o a los estatales, atando su otorgamiento \u00aba lo que se recaude en diciembre\u00bb as\u00ed como a la revisi\u00f3n paritaria prevista para ese mes. \u00abNo comprometemos pagos que no estamos seguros de poder cumplir\u00bb, adelant\u00f3 en este sentido el ministro de Econom\u00eda, Hern\u00e1n Lacunza. En el gobierno porte\u00f1o descartaron que la Ciudad vaya pagar el extra a sus trabajadores, mientras que varios gobernadores de la oposici\u00f3n hicieron saber que ya otorgaron sumas mayores a los 5 mil pesos de la Casa Rosada.<\/p>\n<p>El anuncio de la Casa Rosada dio lugar as\u00ed a una situaci\u00f3n parad\u00f3jica. El bono que cobrar\u00e1 la administraci\u00f3n p\u00fablica nacional no fue extendido a los empleados provinciales ni de las intendencias, ya que dependen de los presupuestos locales, y los distritos que se manifiestan reticentes a pagarlo son los vinculados al PRO.<\/p>\n<p>Lacunza fue el primero en abrir el paraguas. Luego habl\u00f3 ratificando la postura bonaerense el ministro de Asuntos P\u00fablicos de Vidal, Federico Su\u00e1rez, que sostuvo que a\u00fan \u00abes muy prematuro\u00bb para saber si la provincia est\u00e1 en condiciones de pagarlo: \u00abLa firma del decreto es muy reciente; si bien el impacto ser\u00eda en 2018, necesitamos un tiempo prudencial para evaluar las posibilidades y ser serios.\u00bb<\/p>\n<p>El ministro de Econom\u00eda provincial hab\u00eda marcado los tiempos con los que quiere manejar el tema. \u00abTodav\u00eda no hemos discutido ni definido este eventual bono\u00bb, hab\u00eda dicho, con la aclaraci\u00f3n de que reci\u00e9n en diciembre volver\u00e1n a juntarse con los sindicatos de los estatales. \u00abNo nos hemos encontrado con los gremios, con los que nos vamos a encontrar en diciembre. Eventualmente ser\u00eda para este a\u00f1o y no est\u00e1 incluido en el Presupuesto. Quedamos con todos juntarnos en diciembre y ah\u00ed lo charlaremos no me puedo adelantar\u00bb.<\/p>\n<p>En Buenos Aires hay cinco grandes sectores de trabajadores que dependen del Estado, cada uno con su paritaria propia. Los de la administraci\u00f3n p\u00fablica general tuvieron un 30 por ciento de aumento, con una cl\u00e1usula de revisi\u00f3n en diciembre. Los docentes no llegaron todav\u00eda a un acuerdo paritario aunque la provincia les fue liquidando en tramos y llegaron al 30 por ciento. Los judiciales no tuvieron acuerdo y en el \u00e1rea de salud la recomposici\u00f3n fue de 32 puntos. \u00abCon un inflaci\u00f3n anual del 45 por ciento, un bono es totalmente insuficiente. Lo que reclamamos es la reapertura de las paritarias\u00bb, explic\u00f3 el titular de ATE, Oscar De Isasi. El dirigente agreg\u00f3 que en la provincia el salario estatal promedio es de \u00abentre 15 mil y 19 mil pesos\u00bb y que el presupuesto que en estos momentos se debate en la Legislatura bonaerense agravar\u00e1 ese panorama. \u00abLa provincia no puede sostener seriamente que aumentar los salarios depende de lo que recaude. En el Presupuesto destina 56.500 millones de pesos al pago de deuda, 80 mil millones de pesos a obligaciones de tesoros, una caja de uso discrecional, y acept\u00f3 que el gobierno nacional no le transfiera 57 mil millones. Ah\u00ed hay recursos que podr\u00edan haber ido a todos los bonaerenses\u00bb, precis\u00f3.<\/p>\n<p>En la Ciudad de Buenos Aires, Horacio Rodr\u00edguez Larreta se mostr\u00f3 poco entusiasmado con el pago del extra. \u00abVamos a acompa\u00f1ar la inflaci\u00f3n. Si el bono es la mejor medida, no lo s\u00e9\u00bb, reaccion\u00f3 apenas fue anunciado el plus. Fuentes del gobierno porte\u00f1o completaron que \u00abpor el momento no est\u00e1 previsto\u00bb otorgarlo.<\/p>\n<p>En cambio, cinco gobernadores opositores ya adelantaron que otorgar\u00e1n un bono para los estatales por encima de lo anunciado por el gobierno nacional. En Santiago del Estero Gerardo Zamora pagar\u00e1 10 mil pesos que se acumular\u00e1n con un adicional anterior de 5 mil. En San Luis, Alberto Rodr\u00edguez Sa\u00e1 anunci\u00f3 un extra de 9 mil pesos. La Pampa (Carlos Verna) y Tierra del Fuego (Rosana Bertone) dieron bonos de 6 mil.<\/p>\n<p>En Santa Fe, provincia que gobierna el socialista Miguel Lifschit, los sueldos de los estatales vienen actualiz\u00e1ndose con una cl\u00e1usula gatillo de acuerdo a la inflaci\u00f3n. \u00abEl bono es s\u00f3lo un paliativo. Creemos que la actualizaci\u00f3n mes a mes complementa mejor la situaci\u00f3n porque va actualizando el salario de forma remunerativa\u00bb, critic\u00f3 el ministro de Gobierno, Pablo Far\u00edas.<\/p>\n<p>El salte\u00f1o Juan Manuel Urtubey anunci\u00f3 que no pagar\u00e1 el bono. \u00abNo estamos en condiciones de pagar 5 mil pesos\u00bb, declar\u00f3. \u00abEstamos cerrando el a\u00f1o con equilibrio fiscal\u00bb.<\/p>\n<h6>Fuente: P\u00e1gina 12<\/h6>\n","protected":false},"excerpt":{"rendered":"<p>La decisi\u00f3n del Presidente de impulsar el pago de un adicional de fin de a\u00f1o descoloc\u00f3 a los macristas que gobiernan los principales distritos del pa\u00eds.<\/p>\n","protected":false},"author":2,"featured_media":83899,"comment_status":"closed","ping_status":"closed","sticky":false,"template":"","format":"standard","meta":{"footnotes":""},"categories":[8],"tags":[21],"class_list":["post-83898","post","type-post","status-publish","format-standard","has-post-thumbnail","hentry","category-informe-nacional","tag-argentina"],"_links":{"self":[{"href":"http:\/\/argentinamunicipal.com.ar\/argentina\/wp-json\/wp\/v2\/posts\/83898","targetHints":{"allow":["GET"]}}],"collection":[{"href":"http:\/\/argentinamunicipal.com.ar\/argentina\/wp-json\/wp\/v2\/posts"}],"about":[{"href":"http:\/\/argentinamunicipal.com.ar\/argentina\/wp-json\/wp\/v2\/types\/post"}],"author":[{"embeddable":true,"href":"http:\/\/argentinamunicipal.com.ar\/argentina\/wp-json\/wp\/v2\/users\/2"}],"replies":[{"embeddable":true,"href":"http:\/\/argentinamunicipal.com.ar\/argentina\/wp-json\/wp\/v2\/comments?post=83898"}],"version-history":[{"count":0,"href":"http:\/\/argentinamunicipal.com.ar\/argentina\/wp-json\/wp\/v2\/posts\/83898\/revisions"}],"wp:featuredmedia":[{"embeddable":true,"href":"http:\/\/argentinamunicipal.com.ar\/argentina\/wp-json\/wp\/v2\/media\/83899"}],"wp:attachment":[{"href":"http:\/\/argentinamunicipal.com.ar\/argentina\/wp-json\/wp\/v2\/media?parent=83898"}],"wp:term":[{"taxonomy":"category","embeddable":true,"href":"http:\/\/argentinamunicipal.com.ar\/argentina\/wp-json\/wp\/v2\/categories?post=83898"},{"taxonomy":"post_tag","embeddable":true,"href":"http:\/\/argentinamunicipal.com.ar\/argentina\/wp-json\/wp\/v2\/tags?post=83898"}],"curies":[{"name":"wp","href":"https:\/\/api.w.org\/{rel}","templated":true}]}}